{"id":102895,"date":"2025-04-21T16:31:39","date_gmt":"2025-04-21T19:31:39","guid":{"rendered":"https:\/\/tvc16.com\/portal\/?p=102895"},"modified":"2025-04-21T16:31:40","modified_gmt":"2025-04-21T19:31:40","slug":"prefeitura-de-petropolis-declara-luto-oficial-pela-morte-do-papa-francisco","status":"publish","type":"post","link":"https:\/\/tvc16.com\/portal\/2025\/04\/21\/prefeitura-de-petropolis-declara-luto-oficial-pela-morte-do-papa-francisco\/","title":{"rendered":"Prefeitura de Petr\u00f3polis declara luto oficial pela morte do Papa Francisco"},"content":{"rendered":"\n<p>A Prefeitura de Petr\u00f3polis declara profundo pesar pelo falecimento de Sua Santidade, o Papa Francisco. O prefeito Hingo Hammes, usando de suas atribui\u00e7\u00f5es que lhe confere a legisla\u00e7\u00e3o em vigor, declara Luto Oficial de tr\u00eas dias no munic\u00edpio, contados a partir desta segunda -feira (21). Durante este per\u00edodo, a bandeira do munic\u00edpio ser\u00e1 hasteada a meio mastro em todos os pr\u00e9dios p\u00fablicos.<\/p>\n\n\n\n<p>O papa Francisco morreu \u00e0s 7h35, hor\u00e1rio de Roma, desta segunda-feira (21), no Vaticano, em Roma. O an\u00fancio da morte foi feito pelo Camerlengo Kevin Farrell da Casa Santa Marta.<img decoding=\"async\" src=\"https:\/\/agenciabrasil.ebc.com.br\/ebc.png?id=1639595&amp;o=node\"><img decoding=\"async\" src=\"https:\/\/agenciabrasil.ebc.com.br\/ebc.gif?id=1639595&amp;o=node\"><\/p>\n\n\n\n<blockquote class=\"wp-block-quote is-layout-flow wp-block-quote-is-layout-flow\">\n<p>&nbsp;&#8220;\u00c0s 7h35 desta manh\u00e3, o Bispo de Roma, Francisco, retornou \u00e0 casa do Pai. Toda a sua vida foi dedicada ao servi\u00e7o do Senhor e da Igreja&#8221;.<\/p>\n<\/blockquote>\n\n\n\n<p>O cardeal Farrell disse ainda que Francisco chegou a aparecer na sacada da Bas\u00edlica de S\u00e3o Pedro para a mensagem de P\u00e1scoa, na manh\u00e3 deste domingo (20).<\/p>\n\n\n\n<blockquote class=\"wp-block-quote is-layout-flow wp-block-quote-is-layout-flow\">\n<p>\u201cO Pont\u00edfice apareceu na sacada da Bas\u00edlica de S\u00e3o Pedro para a\u00a0mensagem de P\u00e1scoa Urbi et Orbi,\u00a0deixando sua \u00faltima mensagem para a Igreja e o mundo\u201d.<\/p>\n<\/blockquote>\n\n\n\n<p>\u201cCom imensa gratid\u00e3o por seu exemplo como verdadeiro disc\u00edpulo do Senhor Jesus, recomendamos a alma do papa Francisco ao infinito amor misericordioso do Deus Trino,&#8221; acrescentou o cardeal.<\/p>\n\n\n\n<p>Com informa\u00e7\u00f5es da Ag\u00eancia Brasil<\/p>\n\n\n\n<p>Foto Ag\u00eancia Brasil<\/p>\n","protected":false},"excerpt":{"rendered":"<p>A Prefeitura de Petr\u00f3polis declara profundo pesar pelo falecimento de Sua Santidade, o Papa Francisco.<\/p>\n","protected":false},"author":2,"featured_media":12265,"comment_status":"open","ping_status":"open","sticky":false,"template":"","format":"standard","meta":{"footnotes":""},"categories":[12],"tags":[],"class_list":["post-102895","post","type-post","status-publish","format-standard","has-post-thumbnail","hentry","category-cidade"],"_links":{"self":[{"href":"https:\/\/tvc16.com\/portal\/wp-json\/wp\/v2\/posts\/102895","targetHints":{"allow":["GET"]}}],"collection":[{"href":"https:\/\/tvc16.com\/portal\/wp-json\/wp\/v2\/posts"}],"about":[{"href":"https:\/\/tvc16.com\/portal\/wp-json\/wp\/v2\/types\/post"}],"author":[{"embeddable":true,"href":"https:\/\/tvc16.com\/portal\/wp-json\/wp\/v2\/users\/2"}],"replies":[{"embeddable":true,"href":"https:\/\/tvc16.com\/portal\/wp-json\/wp\/v2\/comments?post=102895"}],"version-history":[{"count":1,"href":"https:\/\/tvc16.com\/portal\/wp-json\/wp\/v2\/posts\/102895\/revisions"}],"predecessor-version":[{"id":102896,"href":"https:\/\/tvc16.com\/portal\/wp-json\/wp\/v2\/posts\/102895\/revisions\/102896"}],"wp:featuredmedia":[{"embeddable":true,"href":"https:\/\/tvc16.com\/portal\/wp-json\/wp\/v2\/media\/12265"}],"wp:attachment":[{"href":"https:\/\/tvc16.com\/portal\/wp-json\/wp\/v2\/media?parent=102895"}],"wp:term":[{"taxonomy":"category","embeddable":true,"href":"https:\/\/tvc16.com\/portal\/wp-json\/wp\/v2\/categories?post=102895"},{"taxonomy":"post_tag","embeddable":true,"href":"https:\/\/tvc16.com\/portal\/wp-json\/wp\/v2\/tags?post=102895"}],"curies":[{"name":"wp","href":"https:\/\/api.w.org\/{rel}","templated":true}]}}