{"id":102897,"date":"2025-04-21T16:36:19","date_gmt":"2025-04-21T19:36:19","guid":{"rendered":"https:\/\/tvc16.com\/portal\/?p=102897"},"modified":"2025-04-21T16:36:20","modified_gmt":"2025-04-21T19:36:20","slug":"inscricoes-para-o-encceja-2025-comecam-nesta-segunda-feira","status":"publish","type":"post","link":"https:\/\/tvc16.com\/portal\/2025\/04\/21\/inscricoes-para-o-encceja-2025-comecam-nesta-segunda-feira\/","title":{"rendered":"Inscri\u00e7\u00f5es para o Encceja 2025 come\u00e7am nesta segunda-feira"},"content":{"rendered":"\n<p>Provas est\u00e3o marcadas para o dia 3 de agosto<\/p>\n\n\n\n<p>O per\u00edodo de inscri\u00e7\u00f5es para o\u00a0Exame Nacional para Certifica\u00e7\u00e3o de Compet\u00eancias de Jovens e Adultos (Encceja) 2025\u00a0come\u00e7a nesta segunda-feira (21).\u00a0Os interessados t\u00eam at\u00e9 o dia 2 de maio para se inscrever\u00a0por meio do\u00a0Sistema Encceja.<img decoding=\"async\" src=\"https:\/\/agenciabrasil.ebc.com.br\/ebc.png?id=1639664&amp;o=node\"><img decoding=\"async\" src=\"https:\/\/agenciabrasil.ebc.com.br\/ebc.gif?id=1639664&amp;o=node\"><\/p>\n\n\n\n<p>O mesmo prazo vale para solicita\u00e7\u00f5es de atendimento especializado e para uso do nome social.<\/p>\n\n\n\n<p>Aplicado pelo Instituto Nacional de Estudos e Pesquisas Educacionais An\u00edsio Teixeira (Inep),\u00a0o exame \u00e9 uma oportunidade gratuita e volunt\u00e1ria\u00a0para jovens e adultos que n\u00e3o conclu\u00edram o ensino fundamental ou m\u00e9dio na idade apropriada.\u00a0As provas est\u00e3o marcadas para o dia 3 de agosto.<\/p>\n\n\n\n<p>Desde 2002, o Encceja \u00e9 utilizado como instrumento para a certifica\u00e7\u00e3o de compet\u00eancias adquiridas tanto no ambiente escolar quanto em experi\u00eancias de vida e de trabalho. Os resultados s\u00e3o usados pelas secretarias de Educa\u00e7\u00e3o e institutos federais como base para emiss\u00e3o dos certificados de conclus\u00e3o do ensino fundamental e m\u00e9dio.<\/p>\n\n\n\n<p>Al\u00e9m de contribuir para a retomada da trajet\u00f3ria educacional de milhares de brasileiros, o Encceja tamb\u00e9m orienta pol\u00edticas p\u00fablicas voltadas \u00e0 educa\u00e7\u00e3o de jovens e adultos (EJA). O exame permite ainda a elabora\u00e7\u00e3o de estudos e indicadores sobre o sistema educacional, sendo um importante instrumento de avalia\u00e7\u00e3o e refer\u00eancia nacional.<\/p>\n\n\n\n<p>Por Ag\u00eancia Brasil<\/p>\n\n\n\n<p>Foto Joel Rodrigues\/Ag\u00eancia Bras\u00edli<\/p>\n","protected":false},"excerpt":{"rendered":"<p>Provas est\u00e3o marcadas para o dia 3 de agosto O per\u00edodo de inscri\u00e7\u00f5es para o\u00a0Exame<\/p>\n","protected":false},"author":2,"featured_media":102898,"comment_status":"open","ping_status":"open","sticky":false,"template":"","format":"standard","meta":{"footnotes":""},"categories":[17],"tags":[],"class_list":["post-102897","post","type-post","status-publish","format-standard","has-post-thumbnail","hentry","category-outras-noticias"],"_links":{"self":[{"href":"https:\/\/tvc16.com\/portal\/wp-json\/wp\/v2\/posts\/102897","targetHints":{"allow":["GET"]}}],"collection":[{"href":"https:\/\/tvc16.com\/portal\/wp-json\/wp\/v2\/posts"}],"about":[{"href":"https:\/\/tvc16.com\/portal\/wp-json\/wp\/v2\/types\/post"}],"author":[{"embeddable":true,"href":"https:\/\/tvc16.com\/portal\/wp-json\/wp\/v2\/users\/2"}],"replies":[{"embeddable":true,"href":"https:\/\/tvc16.com\/portal\/wp-json\/wp\/v2\/comments?post=102897"}],"version-history":[{"count":1,"href":"https:\/\/tvc16.com\/portal\/wp-json\/wp\/v2\/posts\/102897\/revisions"}],"predecessor-version":[{"id":102899,"href":"https:\/\/tvc16.com\/portal\/wp-json\/wp\/v2\/posts\/102897\/revisions\/102899"}],"wp:featuredmedia":[{"embeddable":true,"href":"https:\/\/tvc16.com\/portal\/wp-json\/wp\/v2\/media\/102898"}],"wp:attachment":[{"href":"https:\/\/tvc16.com\/portal\/wp-json\/wp\/v2\/media?parent=102897"}],"wp:term":[{"taxonomy":"category","embeddable":true,"href":"https:\/\/tvc16.com\/portal\/wp-json\/wp\/v2\/categories?post=102897"},{"taxonomy":"post_tag","embeddable":true,"href":"https:\/\/tvc16.com\/portal\/wp-json\/wp\/v2\/tags?post=102897"}],"curies":[{"name":"wp","href":"https:\/\/api.w.org\/{rel}","templated":true}]}}