{"id":102900,"date":"2025-04-21T16:38:11","date_gmt":"2025-04-21T19:38:11","guid":{"rendered":"https:\/\/tvc16.com\/portal\/?p=102900"},"modified":"2025-04-21T16:38:11","modified_gmt":"2025-04-21T19:38:11","slug":"arcebispo-do-rio-destaca-legado-de-justica-social-do-papa-francisco","status":"publish","type":"post","link":"https:\/\/tvc16.com\/portal\/2025\/04\/21\/arcebispo-do-rio-destaca-legado-de-justica-social-do-papa-francisco\/","title":{"rendered":"Arcebispo do Rio destaca legado de justi\u00e7a social do papa Francisco"},"content":{"rendered":"\n<p>Cardeal destacou a preocupa\u00e7\u00e3o de Francisco com os mais pobres<\/p>\n\n\n\n<p>O arcebispo do Rio de Janeiro, cardeal Orani Jo\u00e3o Tempesta, destacou o legado de justi\u00e7a social deixado pelo papa Francisco,&nbsp;<a href=\"https:\/\/agenciabrasil.ebc.com.br\/internacional\/noticia\/2025-04\/papa-francisco-morre-aos-88-anos-conheca-trajetoria-pontifice\" target=\"_blank\" rel=\"noreferrer noopener\">morto nesta segunda-feira (21)<\/a>, no Vaticano, aos 88 anos de idade. Dom Orani celebrou uma missa pela alma do pont\u00edfice na Catedral Metropolitana de S\u00e3o Sebasti\u00e3o do Rio de Janeiro, no centro da cidade.<img decoding=\"async\" src=\"https:\/\/agenciabrasil.ebc.com.br\/ebc.png?id=1639665&amp;o=node\"><img decoding=\"async\" src=\"https:\/\/agenciabrasil.ebc.com.br\/ebc.gif?id=1639665&amp;o=node\"><\/p>\n\n\n\n<blockquote class=\"wp-block-quote is-layout-flow wp-block-quote-is-layout-flow\">\n<p>&#8220;N\u00f3s agradecemos por sua vida e miss\u00e3o. O papa nos fez chegar mais pr\u00f3ximo do povo, das pessoas e preocupado com tantas situa\u00e7\u00f5es tanto da ecologia como tamb\u00e9m da fraternidade, do di\u00e1logo inter-religioso ecum\u00eanico, tamb\u00e9m as preocupa\u00e7\u00f5es com as pessoas que vivem em guerra&#8221;, disse dom Orani na missa.<\/p>\n<\/blockquote>\n\n\n\n<p><strong>Mais cedo, em coletiva na sede da Arquidiocese do Rio de Janeiro, o cardeal destacou a preocupa\u00e7\u00e3o de Francisco com os mais pobres e necessitados, com a paz no mundo.<\/strong>&nbsp;<\/p>\n\n\n\n<p>&#8220;Ele teve um grande trabalho na quest\u00e3o social. Seu legado ser\u00e1 estudado, aprofundado, em tantos aspectos sobre o seu pontificado. Ele tamb\u00e9m tinha uma grande preocupa\u00e7\u00e3o com a Igreja, uma Igreja mais simples, mais pr\u00f3xima das pessoas, e de valorizar o papel da mulher na Igreja, colocando em cargos importantes, n\u00e3o s\u00f3 no Vaticano, mas nas grandes decis\u00f5es tamb\u00e9m. Ele sempre teve preocupa\u00e7\u00e3o com a justi\u00e7a social e era muito antenado com o mundo de hoje&#8221;, disse dom Orani, que vai participar das ex\u00e9quias do papa Francisco no Vaticano e de seu primeiro conclave que vai escolher o novo pont\u00edfice.<\/p>\n\n\n\n<p>Membro do Apostolado da Ora\u00e7\u00e3o da Igreja Sagrado Cora\u00e7\u00e3o de Jesus, na Gl\u00f3ria, a dona de casa Dicelene Lopes Campos disse que n\u00e3o esperava a morte do papa.&nbsp;<\/p>\n\n\n\n<p><strong>&#8220;Ele foi uma pessoa maravilhosa. Colocou a Am\u00e9rica do Sul em destaque, participando da Igreja. Deu destaque \u00e0s mulheres. Atualizou muitas coisas na Igreja. Gostava de ele ser franciscano, humilde&#8221;, disse.<\/strong>&nbsp;<\/p>\n\n\n\n<p>Vestida com uma camisa da Jornada Mundial da Juventude, a primeira viagem internacional de Francisco como papa ao Rio de Janeiro, Cleusa Maria Augusto, de 78 anos de idade, lembra da participa\u00e7\u00e3o do papa na jornada.&nbsp;<\/p>\n\n\n\n<blockquote class=\"wp-block-quote is-layout-flow wp-block-quote-is-layout-flow\">\n<p>&#8220;Deixou s\u00f3 coisas boas. Ele fez tudo de bom. Infelizmente chegou a hora dele&#8221;.&nbsp;<\/p>\n<\/blockquote>\n\n\n\n<p><strong>O governo do estado do Rio de Janeiro decretou luto de 3 dias pela morte do papa. A prefeitura da cidade decretou luto de 7 dias.<\/strong>&nbsp;<\/p>\n\n\n\n<p>Em nota, a Pontif\u00edcia Universidade Cat\u00f3lica do Rio (PUC-Rio), disse que a Igreja, a Companhia de Jesus e a comunidade universit\u00e1ria se despedem de um l\u00edder inspirador, que \u201cfez hist\u00f3ria ao se tornar o primeiro papa jesu\u00edta, o primeiro das Am\u00e9ricas e do Hemisf\u00e9rio Sul e o primeiro n\u00e3o europeu eleito em Roma em mais de mil anos. Seu pontificado foi marcado pela f\u00e9, humildade e compromisso com os mais necessitados\u201d.<\/p>\n\n\n\n<blockquote class=\"wp-block-quote is-layout-flow wp-block-quote-is-layout-flow\">\n<p>&#8220;Guiado pelos princ\u00edpios jesu\u00edtas, o papa Francisco uniu tradi\u00e7\u00e3o e inova\u00e7\u00e3o, promovendo transpar\u00eancia no Vaticano, ampliando espa\u00e7os de escuta e renova\u00e7\u00e3o dentro da Igreja e destacando a import\u00e2ncia da \u00e9tica e da responsabilidade social no avan\u00e7o tecnol\u00f3gico&#8221;, diz comunicado da PUC-Rio.<\/p>\n<\/blockquote>\n\n\n\n<p>Por Ana Cristina Campos &#8211; Rep\u00f3rter da Ag\u00eancia Brasil<\/p>\n\n\n\n<p>Foto  T\u00e2nia R\u00eago\/Ag\u00eancia Brasil<\/p>\n","protected":false},"excerpt":{"rendered":"<p>Cardeal destacou a preocupa\u00e7\u00e3o de Francisco com os mais pobres O arcebispo do Rio de<\/p>\n","protected":false},"author":2,"featured_media":102901,"comment_status":"open","ping_status":"open","sticky":false,"template":"","format":"standard","meta":{"footnotes":""},"categories":[17],"tags":[],"class_list":["post-102900","post","type-post","status-publish","format-standard","has-post-thumbnail","hentry","category-outras-noticias"],"_links":{"self":[{"href":"https:\/\/tvc16.com\/portal\/wp-json\/wp\/v2\/posts\/102900","targetHints":{"allow":["GET"]}}],"collection":[{"href":"https:\/\/tvc16.com\/portal\/wp-json\/wp\/v2\/posts"}],"about":[{"href":"https:\/\/tvc16.com\/portal\/wp-json\/wp\/v2\/types\/post"}],"author":[{"embeddable":true,"href":"https:\/\/tvc16.com\/portal\/wp-json\/wp\/v2\/users\/2"}],"replies":[{"embeddable":true,"href":"https:\/\/tvc16.com\/portal\/wp-json\/wp\/v2\/comments?post=102900"}],"version-history":[{"count":1,"href":"https:\/\/tvc16.com\/portal\/wp-json\/wp\/v2\/posts\/102900\/revisions"}],"predecessor-version":[{"id":102902,"href":"https:\/\/tvc16.com\/portal\/wp-json\/wp\/v2\/posts\/102900\/revisions\/102902"}],"wp:featuredmedia":[{"embeddable":true,"href":"https:\/\/tvc16.com\/portal\/wp-json\/wp\/v2\/media\/102901"}],"wp:attachment":[{"href":"https:\/\/tvc16.com\/portal\/wp-json\/wp\/v2\/media?parent=102900"}],"wp:term":[{"taxonomy":"category","embeddable":true,"href":"https:\/\/tvc16.com\/portal\/wp-json\/wp\/v2\/categories?post=102900"},{"taxonomy":"post_tag","embeddable":true,"href":"https:\/\/tvc16.com\/portal\/wp-json\/wp\/v2\/tags?post=102900"}],"curies":[{"name":"wp","href":"https:\/\/api.w.org\/{rel}","templated":true}]}}