{"id":102915,"date":"2025-04-22T08:28:41","date_gmt":"2025-04-22T11:28:41","guid":{"rendered":"https:\/\/tvc16.com\/portal\/?p=102915"},"modified":"2025-04-22T08:28:42","modified_gmt":"2025-04-22T11:28:42","slug":"mec-abre-inscricoes-para-apoio-e-financiamento-de-cursinhos-populares","status":"publish","type":"post","link":"https:\/\/tvc16.com\/portal\/2025\/04\/22\/mec-abre-inscricoes-para-apoio-e-financiamento-de-cursinhos-populares\/","title":{"rendered":"MEC abre inscri\u00e7\u00f5es para apoio e financiamento de cursinhos populares"},"content":{"rendered":"\n<p><em>Edital vai contemplar 130 propostas voltadas para Enem e vestibular<\/em><\/p>\n\n\n\n<p>Por Ag\u00eancia Brasil  \/ Foto: Rovena Rosa\/Ag\u00eancia Brasil<\/p>\n\n\n\n<p><\/p>\n\n\n\n<p>A partir de ter\u00e7a-feira (22), o Minist\u00e9rio da Educa\u00e7\u00e3o (MEC), em parceria com a Funda\u00e7\u00e3o Oswaldo Cruz (Fiocruz), abre as inscri\u00e7\u00f5es para a Rede Nacional de Cursinhos Populares (CPOP).&nbsp;<strong>A iniciativa selecionar\u00e1 130 propostas de cursinhos populares gratuitos voltados a preparar estudantes para o Exame Nacional do Ensino M\u00e9dio (Enem)<\/strong>&nbsp;e outros vestibulares que d\u00e3o acesso \u00e0s institui\u00e7\u00f5es de ensino superior.&nbsp;<img decoding=\"async\" src=\"https:\/\/agenciabrasil.ebc.com.br\/ebc.png?id=1639304&amp;o=node\"><img decoding=\"async\" src=\"https:\/\/agenciabrasil.ebc.com.br\/ebc.gif?id=1639304&amp;o=node\"><\/p>\n\n\n\n<p><a href=\"https:\/\/fiocruz.br\/documento\/2025\/04\/edital-de-chamada-publica-no-01-2025-rede-nacional-de-cursinhos-populares-cpop\" target=\"_blank\" rel=\"noreferrer noopener\">O edital<\/a>&nbsp;foi publicado no site da Fiocruz.&nbsp;<\/p>\n\n\n\n<p><a href=\"https:\/\/prosas.com.br\/editais\/\" target=\"_blank\" rel=\"noreferrer noopener\">As inscri\u00e7\u00f5es poder\u00e3o ser feitas no portal Prosas<\/a>&nbsp;at\u00e9 o dia 6 de maio. Ter\u00e3o prioridade os cursinhos populares que n\u00e3o recebem apoio financeiro direto ou indireto. A rela\u00e7\u00e3o com todos os inscritos dever\u00e1 ser divulgada em 7 de maio, no&nbsp;<a href=\"https:\/\/www.gov.br\/mec\/pt-br\" target=\"_blank\" rel=\"noreferrer noopener\">portal do MEC<\/a>.<\/p>\n\n\n\n<p>O objetivo da CPOP \u00e9 garantir suporte t\u00e9cnico e financeiro para a prepara\u00e7\u00e3o dos estudantes da rede p\u00fablica socialmente desfavorecidos, em especial negros, ind\u00edgenas e pessoas com defici\u00eancia, que buscam ingressar no ensino superior.&nbsp;<\/p>\n\n\n\n<p><strong>As propostas dos cursinhos dever\u00e3o estar alinhadas \u00e0s Diretrizes Curriculares Nacionais do Ensino M\u00e9dio<\/strong>&nbsp;e ao conte\u00fado program\u00e1tico do Enem, com carga hor\u00e1ria m\u00ednima de 20 horas semanais. Tamb\u00e9m \u00e9 necess\u00e1rio contemplar atividades complementares de promo\u00e7\u00e3o da sa\u00fade e de forma\u00e7\u00e3o antirracista, anticapacitista e de promo\u00e7\u00e3o da cidadania.&nbsp;<\/p>\n\n\n\n<p>Segundo o presidente da Uni\u00e3o Brasileira dos Estudantes Secundaristas (Ubes), Hugo Silva, os&nbsp;<strong>cursinhos populares s\u00e3o trincheiras de resist\u00eancia e de luta pela democratiza\u00e7\u00e3o do acesso ao ensino superior<\/strong>.&nbsp;<\/p>\n\n\n\n<blockquote class=\"wp-block-quote is-layout-flow wp-block-quote-is-layout-flow\">\n<p>\u201cEm um pa\u00eds marcado pela desigualdade, s\u00e3o nesses espa\u00e7os, em conjunto com a pol\u00edtica de cotas, que se constroem estrat\u00e9gias e ferramentas para avan\u00e7ar na educa\u00e7\u00e3o superior para juventude perif\u00e9rica\u201d, afirma.<\/p>\n<\/blockquote>\n\n\n\n<p>\u201cPor isso, \u00e9 urgente que esses cursinhos sigam existindo e se inscrevam no edital da Rede Nacional de Cursinhos Populares, para obter apoio did\u00e1tico, financeiro e de capacita\u00e7\u00e3o para professores\u201d, acrescenta Hugo.<\/p>\n\n\n\n<p>Com um investimento inicial de R$ 24,8 milh\u00f5es para o ciclo 2024-2025,&nbsp;<strong>a rede apoiar\u00e1 130 cursinhos j\u00e1 no primeiro ano, beneficiando at\u00e9 5.200 estudantes<\/strong>&nbsp;do Brasil. At\u00e9 2027, o valor global chega a R$ 99 milh\u00f5es, com cerca de 324 cursinhos populares apoiados.\u202f&nbsp;<\/p>\n\n\n\n<h2 class=\"wp-block-heading\">CPOP<\/h2>\n\n\n\n<p>Os\u202fprincipais objetivos\u202fda Rede Nacional de Cursinhos Populares\u202fs\u00e3o:&nbsp;<\/p>\n\n\n\n<ul class=\"wp-block-list\">\n<li>fortalecer cursinhos pr\u00e9-vestibulares populares e comunit\u00e1rios;\u00a0<\/li>\n\n\n\n<li>elaborar orienta\u00e7\u00f5es focadas no Enem para a estrutura\u00e7\u00e3o e a implementa\u00e7\u00e3o de a\u00e7\u00f5es de forma\u00e7\u00e3o nos cursinhos da Rede;\u00a0<\/li>\n\n\n\n<li>preparar os estudantes, ampliando a possibilidade de acesso ao ensino superior, principalmente de pessoas negras e ind\u00edgenas;\u00a0<\/li>\n\n\n\n<li>contribuir para retomada do interesse do jovem brasileiro pelo Enem, que voltou a crescer em 2023;\u00a0<\/li>\n\n\n\n<li>e contribuir para\u202fa\u202focupa\u00e7\u00e3o de vagas em cursos de gradua\u00e7\u00e3o de institui\u00e7\u00f5es federais.\u202f\u00a0<\/li>\n<\/ul>\n\n\n\n<p><em>* Colaborou a rep\u00f3rter Daniella Almeida<\/em><br><\/p>\n","protected":false},"excerpt":{"rendered":"<p>Edital vai contemplar 130 propostas voltadas para Enem e vestibular Por Ag\u00eancia Brasil \/ Foto:<\/p>\n","protected":false},"author":2,"featured_media":102916,"comment_status":"open","ping_status":"open","sticky":false,"template":"","format":"standard","meta":{"footnotes":""},"categories":[17],"tags":[],"class_list":["post-102915","post","type-post","status-publish","format-standard","has-post-thumbnail","hentry","category-outras-noticias"],"_links":{"self":[{"href":"https:\/\/tvc16.com\/portal\/wp-json\/wp\/v2\/posts\/102915","targetHints":{"allow":["GET"]}}],"collection":[{"href":"https:\/\/tvc16.com\/portal\/wp-json\/wp\/v2\/posts"}],"about":[{"href":"https:\/\/tvc16.com\/portal\/wp-json\/wp\/v2\/types\/post"}],"author":[{"embeddable":true,"href":"https:\/\/tvc16.com\/portal\/wp-json\/wp\/v2\/users\/2"}],"replies":[{"embeddable":true,"href":"https:\/\/tvc16.com\/portal\/wp-json\/wp\/v2\/comments?post=102915"}],"version-history":[{"count":1,"href":"https:\/\/tvc16.com\/portal\/wp-json\/wp\/v2\/posts\/102915\/revisions"}],"predecessor-version":[{"id":102917,"href":"https:\/\/tvc16.com\/portal\/wp-json\/wp\/v2\/posts\/102915\/revisions\/102917"}],"wp:featuredmedia":[{"embeddable":true,"href":"https:\/\/tvc16.com\/portal\/wp-json\/wp\/v2\/media\/102916"}],"wp:attachment":[{"href":"https:\/\/tvc16.com\/portal\/wp-json\/wp\/v2\/media?parent=102915"}],"wp:term":[{"taxonomy":"category","embeddable":true,"href":"https:\/\/tvc16.com\/portal\/wp-json\/wp\/v2\/categories?post=102915"},{"taxonomy":"post_tag","embeddable":true,"href":"https:\/\/tvc16.com\/portal\/wp-json\/wp\/v2\/tags?post=102915"}],"curies":[{"name":"wp","href":"https:\/\/api.w.org\/{rel}","templated":true}]}}