{"id":102918,"date":"2025-04-22T08:31:13","date_gmt":"2025-04-22T11:31:13","guid":{"rendered":"https:\/\/tvc16.com\/portal\/?p=102918"},"modified":"2025-04-22T13:02:28","modified_gmt":"2025-04-22T16:02:28","slug":"inscricoes-para-o-encceja-2025-comecaram-na-segunda-feira-21","status":"publish","type":"post","link":"https:\/\/tvc16.com\/portal\/2025\/04\/22\/inscricoes-para-o-encceja-2025-comecaram-na-segunda-feira-21\/","title":{"rendered":"Inscri\u00e7\u00f5es para o Encceja 2025 come\u00e7aram na segunda-feira (21)"},"content":{"rendered":"\n<p>O per\u00edodo de inscri\u00e7\u00f5es para o\u00a0<a href=\"https:\/\/www.in.gov.br\/web\/dou\/-\/edital-n-15-de-11-de-marco-de-2025-617260967\" target=\"_blank\" rel=\"noreferrer noopener\">Exame Nacional para Certifica\u00e7\u00e3o de Compet\u00eancias de Jovens e Adultos (Encceja) 2025<\/a>\u00a0come\u00e7ou na segunda-feira (21).\u00a0<strong>Os interessados t\u00eam at\u00e9 o dia 2 de maio para se inscrever\u00a0por meio do\u00a0<a href=\"http:\/\/enccejanacional.inep.gov.br\/encceja\/#!\/inicial\" target=\"_blank\" rel=\"noreferrer noopener\">Sistema Encceja<\/a>.<\/strong><img decoding=\"async\" src=\"https:\/\/agenciabrasil.ebc.com.br\/ebc.png?id=1639664&amp;o=node\"><img decoding=\"async\" src=\"https:\/\/agenciabrasil.ebc.com.br\/ebc.gif?id=1639664&amp;o=node\"><\/p>\n\n\n\n<p>O mesmo prazo vale para solicita\u00e7\u00f5es de atendimento especializado e para uso do nome social.<\/p>\n\n\n\n<p>Aplicado pelo Instituto Nacional de Estudos e Pesquisas Educacionais An\u00edsio Teixeira (Inep),&nbsp;<a href=\"https:\/\/www.gov.br\/inep\/pt-br\/areas-de-atuacao\/avaliacao-e-exames-educacionais\/encceja\" target=\"_blank\" rel=\"noreferrer noopener\">o exame \u00e9 uma oportunidade gratuita e volunt\u00e1ria<\/a>&nbsp;para jovens e adultos que n\u00e3o conclu\u00edram o ensino fundamental ou m\u00e9dio na idade apropriada.&nbsp;<strong>As provas est\u00e3o marcadas para o dia 3 de agosto.<\/strong><\/p>\n\n\n\n<p>Desde 2002, o Encceja \u00e9 utilizado como instrumento para a certifica\u00e7\u00e3o de compet\u00eancias adquiridas tanto no ambiente escolar quanto em experi\u00eancias de vida e de trabalho. Os resultados s\u00e3o usados pelas secretarias de Educa\u00e7\u00e3o e institutos federais como base para emiss\u00e3o dos certificados de conclus\u00e3o do ensino fundamental e m\u00e9dio.<\/p>\n\n\n\n<p>Al\u00e9m de contribuir para a retomada da trajet\u00f3ria educacional de milhares de brasileiros, o Encceja tamb\u00e9m orienta pol\u00edticas p\u00fablicas voltadas \u00e0 educa\u00e7\u00e3o de jovens e adultos (EJA). O exame permite ainda a elabora\u00e7\u00e3o de estudos e indicadores sobre o sistema educacional, sendo um importante instrumento de avalia\u00e7\u00e3o e refer\u00eancia nacional.<\/p>\n\n\n\n<p>Por Ag\u00eancia Brasil \/ Foto: Joel Rodrigues\/Ag\u00eancia Bras\u00edlia<br><\/p>\n","protected":false},"excerpt":{"rendered":"<p>O per\u00edodo de inscri\u00e7\u00f5es para o\u00a0Exame Nacional para Certifica\u00e7\u00e3o de Compet\u00eancias de Jovens e Adultos<\/p>\n","protected":false},"author":2,"featured_media":102919,"comment_status":"open","ping_status":"open","sticky":false,"template":"","format":"standard","meta":{"footnotes":""},"categories":[17],"tags":[],"class_list":["post-102918","post","type-post","status-publish","format-standard","has-post-thumbnail","hentry","category-outras-noticias"],"_links":{"self":[{"href":"https:\/\/tvc16.com\/portal\/wp-json\/wp\/v2\/posts\/102918","targetHints":{"allow":["GET"]}}],"collection":[{"href":"https:\/\/tvc16.com\/portal\/wp-json\/wp\/v2\/posts"}],"about":[{"href":"https:\/\/tvc16.com\/portal\/wp-json\/wp\/v2\/types\/post"}],"author":[{"embeddable":true,"href":"https:\/\/tvc16.com\/portal\/wp-json\/wp\/v2\/users\/2"}],"replies":[{"embeddable":true,"href":"https:\/\/tvc16.com\/portal\/wp-json\/wp\/v2\/comments?post=102918"}],"version-history":[{"count":2,"href":"https:\/\/tvc16.com\/portal\/wp-json\/wp\/v2\/posts\/102918\/revisions"}],"predecessor-version":[{"id":102952,"href":"https:\/\/tvc16.com\/portal\/wp-json\/wp\/v2\/posts\/102918\/revisions\/102952"}],"wp:featuredmedia":[{"embeddable":true,"href":"https:\/\/tvc16.com\/portal\/wp-json\/wp\/v2\/media\/102919"}],"wp:attachment":[{"href":"https:\/\/tvc16.com\/portal\/wp-json\/wp\/v2\/media?parent=102918"}],"wp:term":[{"taxonomy":"category","embeddable":true,"href":"https:\/\/tvc16.com\/portal\/wp-json\/wp\/v2\/categories?post=102918"},{"taxonomy":"post_tag","embeddable":true,"href":"https:\/\/tvc16.com\/portal\/wp-json\/wp\/v2\/tags?post=102918"}],"curies":[{"name":"wp","href":"https:\/\/api.w.org\/{rel}","templated":true}]}}