{"id":10293,"date":"2021-02-11T17:22:40","date_gmt":"2021-02-11T20:22:40","guid":{"rendered":"https:\/\/tvc16.com\/portal\/?p=10293"},"modified":"2021-02-11T17:22:43","modified_gmt":"2021-02-11T20:22:43","slug":"lira-pede-solucao-alternativa-para-auxilio-emergencial","status":"publish","type":"post","link":"https:\/\/tvc16.com\/portal\/2021\/02\/11\/lira-pede-solucao-alternativa-para-auxilio-emergencial\/","title":{"rendered":"Lira pede solu\u00e7\u00e3o alternativa para aux\u00edlio emergencial"},"content":{"rendered":"\n<h3 class=\"wp-block-heading\">Para presidente da C\u00e2mara, solu\u00e7\u00e3o ter\u00e1 que respeitar teto de gastos<\/h3>\n\n\n\n<h4 class=\"wp-block-heading\">Por Luciano Nascimento &#8211; Rep\u00f3rter da Ag\u00eancia Brasil &#8211; Bras\u00edlia<\/h4>\n\n\n\n<p>O presidente da C\u00e2mara dos Deputados, Arthur Lira (PP-AL), disse hoje (11) que a equipe econ\u00f4mica tem que encontrar uma \u201csolu\u00e7\u00e3o alternativa\u201d para o aux\u00edlio emergencial.<img decoding=\"async\" src=\"https:\/\/agenciabrasil.ebc.com.br\/ebc.png?id=1401169&amp;o=node\"><img decoding=\"async\" src=\"https:\/\/agenciabrasil.ebc.com.br\/ebc.gif?id=1401169&amp;o=node\"><\/p>\n\n\n\n<p>Lira tem defendido o retorno do aux\u00edlio, aprovado pelo Congresso em mar\u00e7o de 2020 e pago pelo governo de abril a dezembro, como uma das medidas de enfrentamento \u00e0 crise gerada pela pandemia de covid-19.<\/p>\n\n\n\n<p>\u201cUrge que o ministro [da Economia, Paulo] Guedes nos d\u00ea, com sensibilidade do governo, uma alternativa vi\u00e1vel dentro dos par\u00e2metros da economia, como ele pensa e como a sociedade deseja. A situa\u00e7\u00e3o est\u00e1 ficando cr\u00edtica para a popula\u00e7\u00e3o e a gente tem que encontrar uma alternativa\u201d, disse o presidente da C\u00e2mara.<\/p>\n\n\n\n<h2 class=\"wp-block-heading\">Equil\u00edbrio fiscal<\/h2>\n\n\n\n<p>Segundo Lira, o pagamento de novas parcelas do aux\u00edlio n\u00e3o precisa depender da aprova\u00e7\u00e3o de projetos defendidos pelo governo, como as Propostas de Emenda \u00e0 Constitui\u00e7\u00e3o (PECs) Emergencial e do Pacto Federativo, que tratam de medidas de equil\u00edbrio fiscal.<\/p>\n\n\n\n<p>Lira destacou que as PECs dar\u00e3o uma sinaliza\u00e7\u00e3o positiva para a economia. Ele disse ainda que com a aprova\u00e7\u00e3o das propostas, seria poss\u00edvel substituir o aux\u00edlio emergencial por um novo programa social. Lira ressaltou, entretanto, que a tramita\u00e7\u00e3o das propostas deve come\u00e7ar logo ap\u00f3s o Carnaval, com o funcionamento das comiss\u00f5es.<\/p>\n\n\n\n<p>\u201cAs PECs caminhar\u00e3o independente disso. Agora, \u00e9 l\u00f3gico que elas s\u00e3o um subs\u00eddio important\u00edssimo de sinaliza\u00e7\u00e3o de uma estabiliza\u00e7\u00e3o econ\u00f4mica, social, de destravamento do crescimento do Brasil, e isso impacta diretamente no humor, na economia e na facilita\u00e7\u00e3o dos temas como o aux\u00edlio ou a cria\u00e7\u00e3o de um novo programa. O aux\u00edlio seria transit\u00f3rio at\u00e9 chegarmos neste ponto\u201d, afirmou.<\/p>\n\n\n\n<p>Lira disse que ainda n\u00e3o tratou com Guedes sobre a retomada do pagamento, qual o valor das parcelas ou de onde sair\u00e3o os recursos. Ele lembrou que o Or\u00e7amento de 2021, enviado pelo governo ao Congresso Nacional, ainda n\u00e3o foi votado. A proposta or\u00e7ament\u00e1ria n\u00e3o prev\u00ea o pagamento do aux\u00edlio.<\/p>\n\n\n\n<h2 class=\"wp-block-heading\">Teto de gastos<\/h2>\n\n\n\n<p>De acordo com o presidente da C\u00e2mara, as solu\u00e7\u00f5es para o pagamento do aux\u00edlio devem levar em conta o teto de gastos, que determina que o total das despesas do governo n\u00e3o pode crescer acima do que foi gasto no ano anterior, corrigido pela infla\u00e7\u00e3o.<\/p>\n\n\n\n<p>\u201cNada fora do teto. N\u00e3o h\u00e1 possibilidade de fazer nenhum movimento que quebre as regras que n\u00f3s mesmos criamos, a n\u00e3o ser com a pandemia, com uma segunda onda muito grave, o governo teria seus mecanismos\u201d, disse.<\/p>\n\n\n\n<h2 class=\"wp-block-heading\">Fonte de recursos<\/h2>\n\n\n\n<p>Nessa quarta-feira (10), o ministro da Economia, Paulo Guedes, defendeu que as discuss\u00f5es sobre a&nbsp;<a href=\"https:\/\/agenciabrasil.ebc.com.br\/economia\/noticia\/2021-02\/gastos-com-pandemia-nao-podem-passar-para-futuras-geracoes-diz-guedes\">retomada do aux\u00edlio emergencial<\/a>&nbsp;sejam acompanhadas da responsabilidade fiscal, com a busca de uma fonte de recursos para financiar a recria\u00e7\u00e3o do benef\u00edcio.<\/p>\n\n\n\n<p>Para Guedes, o dinheiro para bancar uma nova rodada do aux\u00edlio emergencial ter\u00e1 de vir do pr\u00f3prio Or\u00e7amento deste ano, em vez de ser financiado pelo aumento da d\u00edvida p\u00fablica.<\/p>\n\n\n\n<p>\u201cTemos o compromisso com as futuras gera\u00e7\u00f5es do Brasil. Temos que pagar pelas nossas guerras. Se estamos em guerra com o v\u00edrus, temos que arcar e n\u00e3o simplesmente empurrar esse custo para as gera\u00e7\u00f5es futuras\u201d, afirmou o ministro.<\/p>\n\n\n\n<p>Argumentando que a economia e a sa\u00fade caminham juntas, Guedes disse que os presidentes da C\u00e2mara, Arthur Lira, e do Senado, Rodrigo Pacheco, est\u00e3o empenhados em conciliar as demandas sociais com a responsabilidade fiscal. \u201cEsse compromisso de sensibilidade social e de responsabilidade fiscal \u00e9 justamente a marca de um Congresso reformista, de um governo determinado, e de lideran\u00e7as pol\u00edticas construtivas que temos hoje no Brasil\u201d, disse Guedes, nessa quarta-feira.<\/p>\n\n\n\n<p>Edi\u00e7\u00e3o: Kelly Oliveira<\/p>\n","protected":false},"excerpt":{"rendered":"<p>Para presidente da C\u00e2mara, solu\u00e7\u00e3o ter\u00e1 que respeitar teto de gastos Por Luciano Nascimento &#8211;<\/p>\n","protected":false},"author":2,"featured_media":10294,"comment_status":"open","ping_status":"open","sticky":false,"template":"","format":"standard","meta":{"footnotes":""},"categories":[17],"tags":[],"class_list":["post-10293","post","type-post","status-publish","format-standard","has-post-thumbnail","hentry","category-outras-noticias"],"_links":{"self":[{"href":"https:\/\/tvc16.com\/portal\/wp-json\/wp\/v2\/posts\/10293","targetHints":{"allow":["GET"]}}],"collection":[{"href":"https:\/\/tvc16.com\/portal\/wp-json\/wp\/v2\/posts"}],"about":[{"href":"https:\/\/tvc16.com\/portal\/wp-json\/wp\/v2\/types\/post"}],"author":[{"embeddable":true,"href":"https:\/\/tvc16.com\/portal\/wp-json\/wp\/v2\/users\/2"}],"replies":[{"embeddable":true,"href":"https:\/\/tvc16.com\/portal\/wp-json\/wp\/v2\/comments?post=10293"}],"version-history":[{"count":1,"href":"https:\/\/tvc16.com\/portal\/wp-json\/wp\/v2\/posts\/10293\/revisions"}],"predecessor-version":[{"id":10295,"href":"https:\/\/tvc16.com\/portal\/wp-json\/wp\/v2\/posts\/10293\/revisions\/10295"}],"wp:featuredmedia":[{"embeddable":true,"href":"https:\/\/tvc16.com\/portal\/wp-json\/wp\/v2\/media\/10294"}],"wp:attachment":[{"href":"https:\/\/tvc16.com\/portal\/wp-json\/wp\/v2\/media?parent=10293"}],"wp:term":[{"taxonomy":"category","embeddable":true,"href":"https:\/\/tvc16.com\/portal\/wp-json\/wp\/v2\/categories?post=10293"},{"taxonomy":"post_tag","embeddable":true,"href":"https:\/\/tvc16.com\/portal\/wp-json\/wp\/v2\/tags?post=10293"}],"curies":[{"name":"wp","href":"https:\/\/api.w.org\/{rel}","templated":true}]}}