{"id":102937,"date":"2025-04-22T10:44:34","date_gmt":"2025-04-22T13:44:34","guid":{"rendered":"https:\/\/tvc16.com\/portal\/?p=102937"},"modified":"2025-04-22T10:44:34","modified_gmt":"2025-04-22T13:44:34","slug":"regiao-serrana-mais-segura-em-2025-aponta-isp","status":"publish","type":"post","link":"https:\/\/tvc16.com\/portal\/2025\/04\/22\/regiao-serrana-mais-segura-em-2025-aponta-isp\/","title":{"rendered":"Regi\u00e3o Serrana mais segura em 2025, aponta ISP"},"content":{"rendered":"\n<p>Os dados do Instituto de Seguran\u00e7a P\u00fablica (ISP) referentes ao primeiro bimestre de 2025 mostram avan\u00e7os importantes na seguran\u00e7a p\u00fablica da Regi\u00e3o Serrana do Rio. Em compara\u00e7\u00e3o com os dois primeiros meses de 2024, os n\u00fameros revelam uma redu\u00e7\u00e3o consistente nos principais indicadores de criminalidade, como letalidade violenta e homic\u00eddios dolosos. Al\u00e9m de aumentos significativos em a\u00e7\u00f5es de repress\u00e3o ao crime, como pris\u00f5es em flagrante e apreens\u00e3o de drogas. A regi\u00e3o n\u00e3o registrou nenhuma morte por interven\u00e7\u00e3o de agente do Estado em 2025, e n\u00e3o registra latroc\u00ednios desde outubro de 2024, indica o ISP.<\/p>\n","protected":false},"excerpt":{"rendered":"<p>Os dados do Instituto de Seguran\u00e7a P\u00fablica (ISP) referentes ao primeiro bimestre de 2025 mostram<\/p>\n","protected":false},"author":2,"featured_media":19049,"comment_status":"open","ping_status":"open","sticky":false,"template":"","format":"standard","meta":{"footnotes":""},"categories":[12],"tags":[],"class_list":["post-102937","post","type-post","status-publish","format-standard","has-post-thumbnail","hentry","category-cidade"],"_links":{"self":[{"href":"https:\/\/tvc16.com\/portal\/wp-json\/wp\/v2\/posts\/102937","targetHints":{"allow":["GET"]}}],"collection":[{"href":"https:\/\/tvc16.com\/portal\/wp-json\/wp\/v2\/posts"}],"about":[{"href":"https:\/\/tvc16.com\/portal\/wp-json\/wp\/v2\/types\/post"}],"author":[{"embeddable":true,"href":"https:\/\/tvc16.com\/portal\/wp-json\/wp\/v2\/users\/2"}],"replies":[{"embeddable":true,"href":"https:\/\/tvc16.com\/portal\/wp-json\/wp\/v2\/comments?post=102937"}],"version-history":[{"count":1,"href":"https:\/\/tvc16.com\/portal\/wp-json\/wp\/v2\/posts\/102937\/revisions"}],"predecessor-version":[{"id":102938,"href":"https:\/\/tvc16.com\/portal\/wp-json\/wp\/v2\/posts\/102937\/revisions\/102938"}],"wp:featuredmedia":[{"embeddable":true,"href":"https:\/\/tvc16.com\/portal\/wp-json\/wp\/v2\/media\/19049"}],"wp:attachment":[{"href":"https:\/\/tvc16.com\/portal\/wp-json\/wp\/v2\/media?parent=102937"}],"wp:term":[{"taxonomy":"category","embeddable":true,"href":"https:\/\/tvc16.com\/portal\/wp-json\/wp\/v2\/categories?post=102937"},{"taxonomy":"post_tag","embeddable":true,"href":"https:\/\/tvc16.com\/portal\/wp-json\/wp\/v2\/tags?post=102937"}],"curies":[{"name":"wp","href":"https:\/\/api.w.org\/{rel}","templated":true}]}}