{"id":102941,"date":"2025-04-22T10:51:06","date_gmt":"2025-04-22T13:51:06","guid":{"rendered":"https:\/\/tvc16.com\/portal\/?p=102941"},"modified":"2025-04-22T10:51:07","modified_gmt":"2025-04-22T13:51:07","slug":"balcao-de-empregos-da-prefeitura-oferece-mais-62-vagas-para-esta-semana-2","status":"publish","type":"post","link":"https:\/\/tvc16.com\/portal\/2025\/04\/22\/balcao-de-empregos-da-prefeitura-oferece-mais-62-vagas-para-esta-semana-2\/","title":{"rendered":"Balc\u00e3o de Empregos da Prefeitura oferece mais 62 vagas para esta semana"},"content":{"rendered":"\n<p>A Prefeitura, por meio do Balc\u00e3o de Empregos, est\u00e1 oferecendo 62 oportunidades de emprego entre ter\u00e7a-feira (22) a sexta-feira (25). Os candidatos podem realizar o cadastro de seus curr\u00edculos no site da Prefeitura (https:\/\/www.petropolis.rj.gov.br)<\/p>\n\n\n\n<p>S\u00e3o 25 oportunidades de primeiro emprego que n\u00e3o exigem experi\u00eancia, em vagas para: Auxiliar de el\u00e9trica, Auxiliar de servi\u00e7os gerais, auxiliar de tr\u00e1fego, copeira, mec\u00e2nico de manuten\u00e7\u00e3o (instala\u00e7\u00f5es industriais) e programador visual.<\/p>\n\n\n\n<p>O Balc\u00e3o desta semana tamb\u00e9m conta com 14 vagas destinadas a pessoas com defici\u00eancia para operador de loja, auxiliar de tr\u00e1fego, atendente e agente de limpeza<\/p>\n\n\n\n<p>Veja todas as oportunidades desta semana:<\/p>\n\n\n\n<p>Ajudante de Cozinha &#8211; Ensino Fundamental \/ Experi\u00eancia de 1 ano na fun\u00e7\u00e3o &#8211; 5 vagas<\/p>\n\n\n\n<p>Auxiliar de El\u00e9trica &#8211; Ensino M\u00e9dio \/ Cursos espec\u00edficos na \u00e1rea &#8211; 1 vaga<\/p>\n\n\n\n<p>Auxiliar de Log\u00edstica &#8211; Ensino M\u00e9dio \/ Experi\u00eancia na fun\u00e7\u00e3o &#8211; 1 vaga<br>Auxiliar de Servi\u00e7os Gerais &#8211; Ensino Fundamental &#8211; 10 vagas<\/p>\n\n\n\n<p>Auxiliar de Servi\u00e7os Gerais &#8211; Ensino Fundamental \/ Experi\u00eancia na fun\u00e7\u00e3o &#8211; 1 vaga<\/p>\n\n\n\n<p>Auxiliar de Tr\u00e1fego &#8211; Ensino Fundamental &#8211; 2 vagas<\/p>\n\n\n\n<p>Camareira de Hotel &#8211; Ensino M\u00e9dio \/ Experi\u00eancia na fun\u00e7\u00e3o &#8211; 1 vaga<\/p>\n\n\n\n<p>Comprador &#8211; Ensino M\u00e9dio \/ CNH Cat. B Cursos espec\u00edficos na \u00e1rea \/ Experi\u00eancia na fun\u00e7\u00e3o &#8211; 1 vaga<\/p>\n\n\n\n<p>Copeira &#8211; Ensino Fundamental &#8211; 10 vagas<\/p>\n\n\n\n<p>Costureira de Reparo de Roupas &#8211; Ensino M\u00e9dio \/ Experi\u00eancia na fun\u00e7\u00e3o &#8211; 1 vaga<\/p>\n\n\n\n<p>Cozinheiro &#8211; Ensino Fundamental \/ Experi\u00eancia de 2 anos na fun\u00e7\u00e3o &#8211; 4 vagas<\/p>\n\n\n\n<p>Eletricista (Instala\u00e7\u00f5es Industriais) &#8211; Ensino M\u00e9dio \/ Cursos espec\u00edficos na \u00e1rea \/ Experi\u00eancia de 1 ano na fun\u00e7\u00e3o &#8211; 1 vaga<\/p>\n\n\n\n<p>Encarregado de Restaurante &#8211; Ensino M\u00e9dio \/ Experi\u00eancia de 2 anos na fun\u00e7\u00e3o &#8211; 2 vagas<\/p>\n\n\n\n<p>Gerente de Vendas &#8211; Ensino M\u00e9dio \/ Experi\u00eancia de 1 ano na fun\u00e7\u00e3o &#8211; 1 vaga<\/p>\n\n\n\n<p>Mec\u00e2nico de Manuten\u00e7\u00e3o (Instala\u00e7\u00f5es Industriais) &#8211; Ensino M\u00e9dio \/ Cursos espec\u00edficos na \u00e1rea &#8211; 1 vaga<\/p>\n\n\n\n<p>Pintor &#8211; Ensino Fundamental \/ Experi\u00eancia na fun\u00e7\u00e3o &#8211; 2 vagas<\/p>\n\n\n\n<p>Programador Visual &#8211; Ensino Superior \/ Curso espec\u00edfico na \u00e1rea &#8211; 1 vaga<\/p>\n\n\n\n<p>Serralheiro &#8211; Ensino M\u00e9dio \/ Curso espec\u00edfico na \u00e1rea \/ Experi\u00eancia de 1 ano na fun\u00e7\u00e3o &#8211; 1 vaga<\/p>\n\n\n\n<p>T\u00e9cnico Eletromec\u00e2nico &#8211; Ensino M\u00e9dio \/ Cursos espec\u00edficos na \u00e1rea \/ Experi\u00eancia de 1 ano na fun\u00e7\u00e3o &#8211; 2 vagas<\/p>\n\n\n\n<p>T\u00e9cnico Eletrot\u00e9cnico &#8211; Ensino M\u00e9dio \/ Cursos espec\u00edficos na \u00e1rea \/ Experi\u00eancia de 1 ano na fun\u00e7\u00e3o &#8211; 1 vaga<\/p>\n\n\n\n<p>Agente de Limpeza (Pessoa com Defici\u00eancia) &#8211; Ensino Fundamental \/ Possuir laudo que comprove defici\u00eancia que permita a realiza\u00e7\u00e3o das atividades com seguran\u00e7a &#8211; 2 vagas<\/p>\n\n\n\n<p>Atendente (Pessoa com Defici\u00eancia) &#8211; Ensino Fundamental \/ Possuir laudo que comprove defici\u00eancia que permita a realiza\u00e7\u00e3o das atividades com seguran\u00e7a &#8211; 4 vagas<\/p>\n\n\n\n<p>Auxiliar de Tr\u00e1fego (Pessoa com Defici\u00eancia) &#8211; Ensino Fundamental \/ Possuir laudo que comprove defici\u00eancia que permita a realiza\u00e7\u00e3o das atividades com seguran\u00e7a &#8211; 2 vagas<\/p>\n\n\n\n<p>Operador de Loja (Pessoa com Defici\u00eancia) &#8211; Ensino Fundamental \/ Possuir laudo que comprove defici\u00eancia que permita a realiza\u00e7\u00e3o das atividades com seguran\u00e7a &#8211; 5 vagas<\/p>\n","protected":false},"excerpt":{"rendered":"<p>A Prefeitura, por meio do Balc\u00e3o de Empregos, est\u00e1 oferecendo 62 oportunidades de emprego entre<\/p>\n","protected":false},"author":2,"featured_media":60270,"comment_status":"open","ping_status":"open","sticky":false,"template":"","format":"standard","meta":{"footnotes":""},"categories":[12],"tags":[],"class_list":["post-102941","post","type-post","status-publish","format-standard","has-post-thumbnail","hentry","category-cidade"],"_links":{"self":[{"href":"https:\/\/tvc16.com\/portal\/wp-json\/wp\/v2\/posts\/102941","targetHints":{"allow":["GET"]}}],"collection":[{"href":"https:\/\/tvc16.com\/portal\/wp-json\/wp\/v2\/posts"}],"about":[{"href":"https:\/\/tvc16.com\/portal\/wp-json\/wp\/v2\/types\/post"}],"author":[{"embeddable":true,"href":"https:\/\/tvc16.com\/portal\/wp-json\/wp\/v2\/users\/2"}],"replies":[{"embeddable":true,"href":"https:\/\/tvc16.com\/portal\/wp-json\/wp\/v2\/comments?post=102941"}],"version-history":[{"count":1,"href":"https:\/\/tvc16.com\/portal\/wp-json\/wp\/v2\/posts\/102941\/revisions"}],"predecessor-version":[{"id":102942,"href":"https:\/\/tvc16.com\/portal\/wp-json\/wp\/v2\/posts\/102941\/revisions\/102942"}],"wp:featuredmedia":[{"embeddable":true,"href":"https:\/\/tvc16.com\/portal\/wp-json\/wp\/v2\/media\/60270"}],"wp:attachment":[{"href":"https:\/\/tvc16.com\/portal\/wp-json\/wp\/v2\/media?parent=102941"}],"wp:term":[{"taxonomy":"category","embeddable":true,"href":"https:\/\/tvc16.com\/portal\/wp-json\/wp\/v2\/categories?post=102941"},{"taxonomy":"post_tag","embeddable":true,"href":"https:\/\/tvc16.com\/portal\/wp-json\/wp\/v2\/tags?post=102941"}],"curies":[{"name":"wp","href":"https:\/\/api.w.org\/{rel}","templated":true}]}}