{"id":102953,"date":"2025-04-22T13:59:37","date_gmt":"2025-04-22T16:59:37","guid":{"rendered":"https:\/\/tvc16.com\/portal\/?p=102953"},"modified":"2025-04-22T13:59:40","modified_gmt":"2025-04-22T16:59:40","slug":"paroquia-no-independencia-celebra-seu-padroeiro-sao-jorge","status":"publish","type":"post","link":"https:\/\/tvc16.com\/portal\/2025\/04\/22\/paroquia-no-independencia-celebra-seu-padroeiro-sao-jorge\/","title":{"rendered":"Par\u00f3quia no Independ\u00eancia Celebra seu Padroeiro, S\u00e3o Jorge"},"content":{"rendered":"\n<p>A Par\u00f3quia S\u00e3o Jorge, localizada no bairro Independ\u00eancia, em Petr\u00f3polis, celebra amanh\u00e3, dia 23 de abril, feriado estadual, a festa de seu padroeiro. A celebra\u00e7\u00e3o contar\u00e1 com missas em diversos hor\u00e1rios, sendo a missa solene realizada \u00e0s 18h30, com a presen\u00e7a do bispo diocesano, Dom Joel Portella Amado. As missas ocorrer\u00e3o ao longo do dia nos seguintes hor\u00e1rios: 6h, 7h, 8h, 9h, 10h, 11h, 13h, 15h, 17h e 18h30.<\/p>\n\n\n\n<p>O Administrador Paroquial do Independ\u00eancia, Padre Leonardo Jo\u00e3o, convida todos os fi\u00e9is e devotos de S\u00e3o Jorge a participarem da festa, destacando, em especial, as celebra\u00e7\u00f5es em louvor ao santo. Al\u00e9m das missas, ao longo do dia haver\u00e1 barracas com comidas t\u00edpicas para atender os devotos e fi\u00e9is que visitarem a Igreja S\u00e3o Jorge.<\/p>\n\n\n\n<p>S\u00e3o Jorge \u00e9 venerado em diversas tradi\u00e7\u00f5es crist\u00e3s, como a Igreja Cat\u00f3lica, Igreja Ortodoxa e Igreja Anglicana. Ele \u00e9 reconhecido como o santo padroeiro de diversos pa\u00edses, incluindo Portugal, Inglaterra, Catalunha, Ge\u00f3rgia, entre outros.<\/p>\n\n\n\n<p>Segundo a lenda, S\u00e3o Jorge foi um soldado romano que viveu no s\u00e9culo III e foi martirizado durante as persegui\u00e7\u00f5es aos crist\u00e3os pelo imperador Diocleciano. A hist\u00f3ria mais famosa sobre S\u00e3o Jorge \u00e9 a de que ele matou um drag\u00e3o, simbolizando sua vit\u00f3ria contra o mal.<\/p>\n\n\n\n<p>Na tradi\u00e7\u00e3o crist\u00e3, S\u00e3o Jorge \u00e9 considerado um s\u00edmbolo de coragem, for\u00e7a e prote\u00e7\u00e3o. Ele \u00e9 frequentemente representado na arte e iconografia como um cavaleiro armado com uma lan\u00e7a e um escudo, montado em um cavalo branco, lutando contra o drag\u00e3o.<\/p>\n\n\n\n<p>Foto: divulga\u00e7\u00e3o <\/p>\n","protected":false},"excerpt":{"rendered":"<p>A Par\u00f3quia S\u00e3o Jorge, localizada no bairro Independ\u00eancia, em Petr\u00f3polis, celebra amanh\u00e3, dia 23 de<\/p>\n","protected":false},"author":2,"featured_media":102954,"comment_status":"open","ping_status":"open","sticky":false,"template":"","format":"standard","meta":{"footnotes":""},"categories":[12],"tags":[],"class_list":["post-102953","post","type-post","status-publish","format-standard","has-post-thumbnail","hentry","category-cidade"],"_links":{"self":[{"href":"https:\/\/tvc16.com\/portal\/wp-json\/wp\/v2\/posts\/102953","targetHints":{"allow":["GET"]}}],"collection":[{"href":"https:\/\/tvc16.com\/portal\/wp-json\/wp\/v2\/posts"}],"about":[{"href":"https:\/\/tvc16.com\/portal\/wp-json\/wp\/v2\/types\/post"}],"author":[{"embeddable":true,"href":"https:\/\/tvc16.com\/portal\/wp-json\/wp\/v2\/users\/2"}],"replies":[{"embeddable":true,"href":"https:\/\/tvc16.com\/portal\/wp-json\/wp\/v2\/comments?post=102953"}],"version-history":[{"count":1,"href":"https:\/\/tvc16.com\/portal\/wp-json\/wp\/v2\/posts\/102953\/revisions"}],"predecessor-version":[{"id":102955,"href":"https:\/\/tvc16.com\/portal\/wp-json\/wp\/v2\/posts\/102953\/revisions\/102955"}],"wp:featuredmedia":[{"embeddable":true,"href":"https:\/\/tvc16.com\/portal\/wp-json\/wp\/v2\/media\/102954"}],"wp:attachment":[{"href":"https:\/\/tvc16.com\/portal\/wp-json\/wp\/v2\/media?parent=102953"}],"wp:term":[{"taxonomy":"category","embeddable":true,"href":"https:\/\/tvc16.com\/portal\/wp-json\/wp\/v2\/categories?post=102953"},{"taxonomy":"post_tag","embeddable":true,"href":"https:\/\/tvc16.com\/portal\/wp-json\/wp\/v2\/tags?post=102953"}],"curies":[{"name":"wp","href":"https:\/\/api.w.org\/{rel}","templated":true}]}}