{"id":102956,"date":"2025-04-23T05:00:00","date_gmt":"2025-04-23T08:00:00","guid":{"rendered":"https:\/\/tvc16.com\/portal\/?p=102956"},"modified":"2025-04-22T15:01:49","modified_gmt":"2025-04-22T18:01:49","slug":"frio-chega-mais-cedo-com-previsao-de-aquecer-o-turismo-em-petropolis-antes-mesmo-do-inicio-do-inverno","status":"publish","type":"post","link":"https:\/\/tvc16.com\/portal\/2025\/04\/23\/frio-chega-mais-cedo-com-previsao-de-aquecer-o-turismo-em-petropolis-antes-mesmo-do-inicio-do-inverno\/","title":{"rendered":"Frio chega mais cedo com previs\u00e3o de aquecer o turismo em Petr\u00f3polis antes mesmo do in\u00edcio do inverno"},"content":{"rendered":"\n<p>Prepare as botas, casacos e o chocolate quente. As temperaturas entram em decl\u00ednio em Petr\u00f3polis j\u00e1 a partir desta quarta-feira (23) e se estendem em queda nos primeiros dias de maio trazendo o charme das baixas temperaturas para Petr\u00f3polis. Com m\u00ednimas de 13\u00b0C e m\u00e1ximas que n\u00e3o passam de 22\u00b0C, de acordo com o Climatempo, a cidade come\u00e7a a viver antecipadamente o clima aconchegante t\u00edpico do inverno \u2014 o que tem animado turistas e impulsionado a rede hoteleira e gastron\u00f4mica da serra. A antecipa\u00e7\u00e3o do inverno, segundo o Petr\u00f3polis Convention &amp; Visitors Bureau est\u00e1 sendo vista pelos turistas como oportunidade de subir a serra mais cedo para curtir o clima europeu da cidade. O megaferiad\u00e3o de abril, que bateu a casa dos 92% de ocupa\u00e7\u00e3o, em um final de semana prolongado de sol t\u00edmido e com baixas temperaturas, deu o tom do que o turista quer experenciar.<\/p>\n\n\n\n<p>A cidade j\u00e1 sente um crescimento na movimenta\u00e7\u00e3o tur\u00edstica, especialmente em finais de semana, cen\u00e1rio que deve se manter com a chegada de eventos como o Rio Arquitetura &amp; Design Connection e mais uma edi\u00e7\u00e3o da feira Deguste. As baixas temperaturas \u2014 aliadas a uma agenda cultural ativa \u2014 criam o ambiente ideal para quem busca experi\u00eancias em torno do frio, da boa gastronomia e da tradi\u00e7\u00e3o petropolitana.<\/p>\n\n\n\n<p>\u201cEssa combina\u00e7\u00e3o de clima ameno com eventos bem planejados e divulgados fora da cidade tem antecipado o fluxo tur\u00edstico. A expectativa \u00e9 de ocupa\u00e7\u00e3o elevada j\u00e1 neste m\u00eas de maio, o que \u00e9 excelente para todo o setor\u201d, afirma Fabiano Barros, presidente do Petr\u00f3polis Convention &amp; Visitors Bureau. Segundo ele, essa antecipa\u00e7\u00e3o do frio traz benef\u00edcios que v\u00e3o al\u00e9m do turismo: \u201c\u00c9 um ganho para toda a cadeia econ\u00f4mica, desde os hot\u00e9is e restaurantes at\u00e9 os pequenos empreendedores e prestadores de servi\u00e7os. Aquece toda a cadeia produtiva\u201d, analisa.<\/p>\n\n\n\n<p>As pousadas e hot\u00e9is se preparam com todo o charme caracter\u00edstico da esta\u00e7\u00e3o: lareiras acesas, card\u00e1pios especiais, fondue, vinhos e at\u00e9 mantas disponibilizadas aos h\u00f3spedes. Cafeterias e bistr\u00f4s, especialmente nas regi\u00f5es do Centro Hist\u00f3rico e de Itaipava, j\u00e1 registram aumento no movimento \u2014 e o caf\u00e9 com torta no meio da tarde virou ritual obrigat\u00f3rio para muitos visitantes.<\/p>\n\n\n\n<p>Apesar de o inverno come\u00e7ar oficialmente apenas em junho, Petr\u00f3polis j\u00e1 entra em modo inverno: com o frio, a cidade ganha contornos ainda mais acolhedores. \u201cPetr\u00f3polis tem essa voca\u00e7\u00e3o natural para o turismo de inverno. O que vemos agora \u00e9 a consolida\u00e7\u00e3o de uma temporada que come\u00e7a cada vez mais cedo\u201d, analisa Fabiano Barros.<\/p>\n\n\n\n<p>Foto: divulga\u00e7\u00e3o <\/p>\n","protected":false},"excerpt":{"rendered":"<p>Prepare as botas, casacos e o chocolate quente. As temperaturas entram em decl\u00ednio em Petr\u00f3polis<\/p>\n","protected":false},"author":2,"featured_media":102957,"comment_status":"open","ping_status":"open","sticky":false,"template":"","format":"standard","meta":{"footnotes":""},"categories":[12],"tags":[],"class_list":["post-102956","post","type-post","status-publish","format-standard","has-post-thumbnail","hentry","category-cidade"],"_links":{"self":[{"href":"https:\/\/tvc16.com\/portal\/wp-json\/wp\/v2\/posts\/102956","targetHints":{"allow":["GET"]}}],"collection":[{"href":"https:\/\/tvc16.com\/portal\/wp-json\/wp\/v2\/posts"}],"about":[{"href":"https:\/\/tvc16.com\/portal\/wp-json\/wp\/v2\/types\/post"}],"author":[{"embeddable":true,"href":"https:\/\/tvc16.com\/portal\/wp-json\/wp\/v2\/users\/2"}],"replies":[{"embeddable":true,"href":"https:\/\/tvc16.com\/portal\/wp-json\/wp\/v2\/comments?post=102956"}],"version-history":[{"count":1,"href":"https:\/\/tvc16.com\/portal\/wp-json\/wp\/v2\/posts\/102956\/revisions"}],"predecessor-version":[{"id":102958,"href":"https:\/\/tvc16.com\/portal\/wp-json\/wp\/v2\/posts\/102956\/revisions\/102958"}],"wp:featuredmedia":[{"embeddable":true,"href":"https:\/\/tvc16.com\/portal\/wp-json\/wp\/v2\/media\/102957"}],"wp:attachment":[{"href":"https:\/\/tvc16.com\/portal\/wp-json\/wp\/v2\/media?parent=102956"}],"wp:term":[{"taxonomy":"category","embeddable":true,"href":"https:\/\/tvc16.com\/portal\/wp-json\/wp\/v2\/categories?post=102956"},{"taxonomy":"post_tag","embeddable":true,"href":"https:\/\/tvc16.com\/portal\/wp-json\/wp\/v2\/tags?post=102956"}],"curies":[{"name":"wp","href":"https:\/\/api.w.org\/{rel}","templated":true}]}}