{"id":10296,"date":"2021-02-11T17:26:00","date_gmt":"2021-02-11T20:26:00","guid":{"rendered":"https:\/\/tvc16.com\/portal\/?p=10296"},"modified":"2021-02-11T17:26:03","modified_gmt":"2021-02-11T20:26:03","slug":"rio-vai-autuar-festas-clandestinas-antes-durante-e-depois-do-carnaval","status":"publish","type":"post","link":"https:\/\/tvc16.com\/portal\/2021\/02\/11\/rio-vai-autuar-festas-clandestinas-antes-durante-e-depois-do-carnaval\/","title":{"rendered":"Rio vai autuar festas clandestinas antes, durante e depois do carnaval"},"content":{"rendered":"\n<h3 class=\"wp-block-heading\">Medidas est\u00e3o no Plano de Preven\u00e7\u00e3o e Combate a Aglomera\u00e7\u00f5es<\/h3>\n\n\n\n<h4 class=\"wp-block-heading\">Por Vin\u00edcius Lisboa &#8211; Rep\u00f3rter da Ag\u00eancia Brasil &#8211; Rio de Janeiro<\/h4>\n\n\n\n<p>A prefeitura do Rio de Janeiro tem monitorado e notificado organizadores de festas clandestinas marcadas para o per\u00edodo de carnaval e poder\u00e1 autuar os respons\u00e1veis, mesmo que n\u00e3o consiga flagrar e interditar os eventos durante sua realiza\u00e7\u00e3o. As a\u00e7\u00f5es est\u00e3o previstas no Plano de Preven\u00e7\u00e3o e Combate a Aglomera\u00e7\u00f5es, que vai vigorar desta sexta-feira (12) at\u00e9 22 de fevereiro. O plano foi apresentado hoje (11) pelo secret\u00e1rio de Ordem P\u00fablica, Brenno Carnevale.<img decoding=\"async\" src=\"https:\/\/agenciabrasil.ebc.com.br\/ebc.png?id=1401179&amp;o=node\"><img decoding=\"async\" src=\"https:\/\/agenciabrasil.ebc.com.br\/ebc.gif?id=1401179&amp;o=node\"><\/p>\n\n\n\n<p>Segundo o secret\u00e1rio, o trabalho de monitoramento tamb\u00e9m vai reunir informa\u00e7\u00f5es ap\u00f3s o dia das festas para realizar autua\u00e7\u00f5es.<\/p>\n\n\n\n<p>&#8220;Na hip\u00f3tese de algum evento ser realizado sem que a prefeitura consiga interdit\u00e1-lo no momento, teremos a constata\u00e7\u00e3o deles diversos meios, e as informa\u00e7\u00f5es ser\u00e3o usadas como lastro para futuras autua\u00e7\u00f5es com base na nossa legisla\u00e7\u00e3o&#8221;, disse Carnevale. &#8220;\u00c9 importante informar para as pessoas que insistirem em promover eventos que estamos fiscalizando antes, durante e depois.&#8221;<\/p>\n\n\n\n<p>Com base no monitoramento, que j\u00e1 est\u00e1 em curso, a prefeitura notificou plataformas de venda de ingressos que comercializavam entradas para festas irregulares de carnaval. &#8220;Essa comercializa\u00e7\u00e3o \u00e9 irregular, esse evento \u00e9 irregular, e essas empresas est\u00e3o sendo mapeadas e devidamente notificadas&#8221;, disse o secret\u00e1rio. Ele explicou que, apesar de o foco da fiscaliza\u00e7\u00e3o serem os organizadores dos eventos, existe possibilidade de frequentadores dessas aglomera\u00e7\u00f5es serem enquadrados por infra\u00e7\u00f5es sanit\u00e1rias, como a falta do uso de m\u00e1scara.<\/p>\n\n\n\n<p>Outra medida anunciada \u00e9 o bloqueio da entrada de \u00f4nibus e vans fretadas no munic\u00edpio do Rio, a partir das 5h de amanh\u00e3. As exce\u00e7\u00f5es ser\u00e3o \u00f4nibus de empresas que transportem trabalhadores e de ve\u00edculos de hot\u00e9is, com a comprova\u00e7\u00e3o de que os passageiros s\u00e3o h\u00f3spedes.<\/p>\n\n\n\n<p>Carnevale fez um apelo a quem planeja visitar a cidade: &#8220;N\u00e3o venham curtir eventual carnaval no Rio de Janeiro, porque a prefeitura n\u00e3o vai permitir que um eventual carnaval aconte\u00e7a.&#8221;<\/p>\n\n\n\n<p>Segundo o secret\u00e1rio, a maior parte dos blocos comprometeu-se a n\u00e3o desfilar ou reunir foli\u00f5es no per\u00edodo carnavalesco, e aqueles que descumprirem ser\u00e3o descredenciados para o carnaval de 2022. Cerca de mil agentes de diversos \u00f3rg\u00e3os da prefeitura v\u00e3o trabalhar na fiscaliza\u00e7\u00e3o e poder\u00e3o apreender caixas de som e equipamentos de qualquer aglomera\u00e7\u00e3o &#8220;com contorno&#8221; de bloco carnavalesco, inclusive na praia.<\/p>\n\n\n\n<p>Para refor\u00e7ar a fiscaliza\u00e7\u00e3o dos espa\u00e7os p\u00fablicos, a prefeitura contar\u00e1 com as c\u00e2meras 24 horas do Centro de Opera\u00e7\u00f5es Rio. Al\u00e9m disso, pede que a popula\u00e7\u00e3o use o n\u00famero telef\u00f4nico 1746 para denunciar infra\u00e7\u00f5es. O munic\u00edpio ter\u00e1 ainda apoio da Pol\u00edcia Militar, que participou da elabora\u00e7\u00e3o do plano de a\u00e7\u00e3o contra aglomera\u00e7\u00f5es.<\/p>\n\n\n\n<p>Apesar das restri\u00e7\u00f5es ao carnaval, o secret\u00e1rio Brenno Carnevale ressaltou que a cidade n\u00e3o est\u00e1 &#8220;fechada&#8221; e que, respeitadas as medidas de preven\u00e7\u00e3o \u00e0 covid-19, \u00e9 permitido frequentar bares, restaurantes, espa\u00e7os p\u00fablicos, shopping centers e outros estabelecimentos.<\/p>\n\n\n\n<p>Edi\u00e7\u00e3o: N\u00e1dia Franco<\/p>\n","protected":false},"excerpt":{"rendered":"<p>Medidas est\u00e3o no Plano de Preven\u00e7\u00e3o e Combate a Aglomera\u00e7\u00f5es Por Vin\u00edcius Lisboa &#8211; Rep\u00f3rter<\/p>\n","protected":false},"author":2,"featured_media":10297,"comment_status":"open","ping_status":"open","sticky":false,"template":"","format":"standard","meta":{"footnotes":""},"categories":[17],"tags":[],"class_list":["post-10296","post","type-post","status-publish","format-standard","has-post-thumbnail","hentry","category-outras-noticias"],"_links":{"self":[{"href":"https:\/\/tvc16.com\/portal\/wp-json\/wp\/v2\/posts\/10296","targetHints":{"allow":["GET"]}}],"collection":[{"href":"https:\/\/tvc16.com\/portal\/wp-json\/wp\/v2\/posts"}],"about":[{"href":"https:\/\/tvc16.com\/portal\/wp-json\/wp\/v2\/types\/post"}],"author":[{"embeddable":true,"href":"https:\/\/tvc16.com\/portal\/wp-json\/wp\/v2\/users\/2"}],"replies":[{"embeddable":true,"href":"https:\/\/tvc16.com\/portal\/wp-json\/wp\/v2\/comments?post=10296"}],"version-history":[{"count":1,"href":"https:\/\/tvc16.com\/portal\/wp-json\/wp\/v2\/posts\/10296\/revisions"}],"predecessor-version":[{"id":10298,"href":"https:\/\/tvc16.com\/portal\/wp-json\/wp\/v2\/posts\/10296\/revisions\/10298"}],"wp:featuredmedia":[{"embeddable":true,"href":"https:\/\/tvc16.com\/portal\/wp-json\/wp\/v2\/media\/10297"}],"wp:attachment":[{"href":"https:\/\/tvc16.com\/portal\/wp-json\/wp\/v2\/media?parent=10296"}],"wp:term":[{"taxonomy":"category","embeddable":true,"href":"https:\/\/tvc16.com\/portal\/wp-json\/wp\/v2\/categories?post=10296"},{"taxonomy":"post_tag","embeddable":true,"href":"https:\/\/tvc16.com\/portal\/wp-json\/wp\/v2\/tags?post=10296"}],"curies":[{"name":"wp","href":"https:\/\/api.w.org\/{rel}","templated":true}]}}