{"id":102966,"date":"2025-04-23T08:23:11","date_gmt":"2025-04-23T11:23:11","guid":{"rendered":"https:\/\/tvc16.com\/portal\/?p=102966"},"modified":"2025-04-23T08:23:12","modified_gmt":"2025-04-23T11:23:12","slug":"rio-abre-oficialmente-o-calendario-como-capital-mundial-do-livro","status":"publish","type":"post","link":"https:\/\/tvc16.com\/portal\/2025\/04\/23\/rio-abre-oficialmente-o-calendario-como-capital-mundial-do-livro\/","title":{"rendered":"Rio abre oficialmente o calend\u00e1rio como Capital Mundial do Livro"},"content":{"rendered":"\n<p><em>Pa\u00eds tem desafios para aumentar n\u00famero de leitores, que ainda \u00e9 baixo<\/em><\/p>\n\n\n\n<p>Por Rafael Cardoso &#8211; Rep\u00f3rter da Ag\u00eancia Brasil \/ Foto: ElasticComputeFarm\/Pixabay<\/p>\n\n\n\n<p><\/p>\n\n\n\n<p>Um espet\u00e1culo no Teatro Carlos Gomes, \u00e0s 9h, marca, nesta quarta-feira (23), a abertura oficial do Rio Capital Mundial do Livro, t\u00edtulo concedido \u00e0 cidade pela Organiza\u00e7\u00e3o das Na\u00e7\u00f5es Unidas para a Educa\u00e7\u00e3o, a Ci\u00eancia e a Cultura (Unesco). As \u00faltimas cidades selecionadas pela Unesco foram Sharjah (2019), Kuala Lumpur (2020), Tbilisi (2021), Guadalajara (2022), Accra (2023) e Estrasburgo (2024).<img decoding=\"async\" src=\"https:\/\/agenciabrasil.ebc.com.br\/ebc.png?id=1639837&amp;o=node\"><img decoding=\"async\" src=\"https:\/\/agenciabrasil.ebc.com.br\/ebc.gif?id=1639837&amp;o=node\"><\/p>\n\n\n\n<p>No Teatro Carlos Gomes, haver\u00e1 performances art\u00edsticas sobre a obra de autores da literatura brasileira. A solenidade ter\u00e1 autoridades, representantes da Unesco e nomes do cen\u00e1rio cultural do Brasil.&nbsp;<strong>O prefeito do Rio de Janeiro, Eduardo Paes, receber\u00e1 o t\u00edtulo oficial das m\u00e3os da prefeita de Estrasburgo, na Fran\u00e7a, Jeanne Barseghian.<\/strong><\/p>\n\n\n\n<p><strong>Durante o per\u00edodo de um ano, o Rio ter\u00e1 uma agenda de eventos e a\u00e7\u00f5es para formular novas pol\u00edticas p\u00fablicas de leitura.<\/strong>&nbsp;A prefeitura coloca como destaque da agenda a Bienal do Livro, de 13 a 22 de junho, e uma edi\u00e7\u00e3o especial do Pr\u00eamio Jabuti, realizada pela primeira vez no Rio de Janeiro.&nbsp;<\/p>\n\n\n\n<p>A programa\u00e7\u00e3o inclui ainda atividades em bibliotecas municipais, exposi\u00e7\u00f5es em museus, caf\u00e9s liter\u00e1rios, saraus, a\u00e7\u00f5es em livrarias e feiras liter\u00e1rias e interven\u00e7\u00f5es culturais nos principais terminais de transporte p\u00fablico da cidade.<\/p>\n\n\n\n<p><strong>A Secretaria de Cultura anunciou que beneficiar\u00e1 50 mil pessoas com pol\u00edticas nacionais de fomento \u00e0 cultura.<\/strong>&nbsp;Entre as a\u00e7\u00f5es, est\u00e3o os projetos Noite com Livros; o Book Parade Rio 2025; o Rio de Livros e a Academia Editorial Jr.<\/p>\n\n\n\n<h2 class=\"wp-block-heading\">Dia Mundial do Livro<\/h2>\n\n\n\n<p><strong>Desde 1995, o dia 23 de abril tamb\u00e9m marca o Dia Mundial do Livro e dos Direitos Autorais.<\/strong>&nbsp;No Rio de Janeiro, a data ser\u00e1 comemorada na Casa Firjan, em Botafogo, com o evento gratuito O Rio em verso e prosa, que oferecer\u00e1 atividades liter\u00e1rias para todas as idades.<\/p>\n\n\n\n<p>A programa\u00e7\u00e3o da Casa Firjan inclui conta\u00e7\u00f5es de hist\u00f3rias, interven\u00e7\u00f5es art\u00edstico-liter\u00e1rias, apresenta\u00e7\u00e3o teatral e outras viv\u00eancias que convidam o p\u00fablico a refletir sobre a literatura como caminho para o conhecimento, a cultura e a constru\u00e7\u00e3o da identidade.<\/p>\n\n\n\n<p>No evento, ser\u00e1 lan\u00e7ado o livro&nbsp;<em>Falando s\u00e9rio sobre adolesc\u00eancia<\/em>, de Thalita Rebou\u00e7as e Renato Caminha, com sess\u00e3o de aut\u00f3grafos. E, no fim da tarde, uma mesa liter\u00e1ria com dois vencedores do Pr\u00eamio Jabuti: Raphael Montes, autor da novela&nbsp;<em>Beleza Fatal<\/em>, e Fabr\u00edcio Carpinejar, com mais de 1 milh\u00e3o de livros vendidos.<\/p>\n\n\n\n<h2 class=\"wp-block-heading\">Poucos leitores<\/h2>\n\n\n\n<p>O t\u00edtulo dado ao Rio de Janeiro \u00e9 uma oportunidade para repensar os programas de leitura e de acesso aos livros em todo o pa\u00eds.&nbsp;<strong>A 6\u2060\u00aa edi\u00e7\u00e3o da pesquisa Retratos da Leitura no Brasil, divulgada em 2024, mostra que houve uma redu\u00e7\u00e3o de 6,7 milh\u00f5es de leitores no pa\u00eds.<\/strong>&nbsp;<\/p>\n\n\n\n<p>O levantamento realizado pelo Instituto Pr\u00f3-Livro tamb\u00e9m indicou que a propor\u00e7\u00e3o de n\u00e3o leitores foi maior do que a de leitores pela primeira vez na s\u00e9rie hist\u00f3rica.<\/p>\n\n\n\n<p>Nos tr\u00eas meses anteriores \u00e0 pesquisa, 53% das pessoas n\u00e3o leram nem parte de um livro, seja impresso ou digital, de qualquer g\u00eanero, incluindo livros did\u00e1ticos e religiosos. Considerando apenas livros inteiros lidos no mesmo per\u00edodo, o percentual foi de 27%.<\/p>\n\n\n\n<p><strong>A pesquisa foi feita em 208 munic\u00edpios.<\/strong>&nbsp;A maioria dos leitores corresponde ao g\u00eanero feminino (50,4%), sendo a faixa et\u00e1ria de 11 anos a 13 anos a que mais l\u00ea (81%). A Regi\u00e3o Sul apresentou a maior propor\u00e7\u00e3o de leitores (53%). Em seguida, surgem as regi\u00f5es Norte (48%), Centro-Oeste (47%), Sudeste (46%) e Nordeste (43%).<\/p>\n\n\n\n<p><strong>Outra quest\u00e3o a ser considerada \u00e9 o pre\u00e7o dos livros e a capacidade de compra dos consumidores brasileiros.<\/strong>&nbsp;O 9\u00ba Painel de Varejo de Livros no Brasil, produzido pelo Sindicato Nacional dos Editores de Livros (Snel), mostrou que o pre\u00e7o m\u00e9dio do livro no pa\u00eds subiu 12,20%, atingindo R$ 51,48.<\/p>\n\n\n\n<p>Outra pesquisa, da C\u00e2mara Brasileira do Livro (CBL), refor\u00e7a os dados do Snel. No \u00faltimo balan\u00e7o,&nbsp;<strong>apenas 16% da popula\u00e7\u00e3o brasileira acima de 18 anos de idade diz ter comprado ao menos um livro nos \u00faltimos 12 meses<\/strong>.<br><br><\/p>\n","protected":false},"excerpt":{"rendered":"<p>Pa\u00eds tem desafios para aumentar n\u00famero de leitores, que ainda \u00e9 baixo Por Rafael Cardoso<\/p>\n","protected":false},"author":2,"featured_media":102967,"comment_status":"open","ping_status":"open","sticky":false,"template":"","format":"standard","meta":{"footnotes":""},"categories":[17],"tags":[],"class_list":["post-102966","post","type-post","status-publish","format-standard","has-post-thumbnail","hentry","category-outras-noticias"],"_links":{"self":[{"href":"https:\/\/tvc16.com\/portal\/wp-json\/wp\/v2\/posts\/102966","targetHints":{"allow":["GET"]}}],"collection":[{"href":"https:\/\/tvc16.com\/portal\/wp-json\/wp\/v2\/posts"}],"about":[{"href":"https:\/\/tvc16.com\/portal\/wp-json\/wp\/v2\/types\/post"}],"author":[{"embeddable":true,"href":"https:\/\/tvc16.com\/portal\/wp-json\/wp\/v2\/users\/2"}],"replies":[{"embeddable":true,"href":"https:\/\/tvc16.com\/portal\/wp-json\/wp\/v2\/comments?post=102966"}],"version-history":[{"count":1,"href":"https:\/\/tvc16.com\/portal\/wp-json\/wp\/v2\/posts\/102966\/revisions"}],"predecessor-version":[{"id":102968,"href":"https:\/\/tvc16.com\/portal\/wp-json\/wp\/v2\/posts\/102966\/revisions\/102968"}],"wp:featuredmedia":[{"embeddable":true,"href":"https:\/\/tvc16.com\/portal\/wp-json\/wp\/v2\/media\/102967"}],"wp:attachment":[{"href":"https:\/\/tvc16.com\/portal\/wp-json\/wp\/v2\/media?parent=102966"}],"wp:term":[{"taxonomy":"category","embeddable":true,"href":"https:\/\/tvc16.com\/portal\/wp-json\/wp\/v2\/categories?post=102966"},{"taxonomy":"post_tag","embeddable":true,"href":"https:\/\/tvc16.com\/portal\/wp-json\/wp\/v2\/tags?post=102966"}],"curies":[{"name":"wp","href":"https:\/\/api.w.org\/{rel}","templated":true}]}}