{"id":102969,"date":"2025-04-23T08:29:01","date_gmt":"2025-04-23T11:29:01","guid":{"rendered":"https:\/\/tvc16.com\/portal\/?p=102969"},"modified":"2025-04-23T08:29:02","modified_gmt":"2025-04-23T11:29:02","slug":"comissao-da-camara-aprova-porte-de-arma-para-oficiais-de-justica","status":"publish","type":"post","link":"https:\/\/tvc16.com\/portal\/2025\/04\/23\/comissao-da-camara-aprova-porte-de-arma-para-oficiais-de-justica\/","title":{"rendered":"Comiss\u00e3o da C\u00e2mara aprova porte de arma para oficiais de justi\u00e7a"},"content":{"rendered":"\n<p><em>Agentes socioeducativos tamb\u00e9m est\u00e3o previstos no projeto de lei<\/em><\/p>\n\n\n\n<p>Por Sabrina Craide &#8211; Rep\u00f3rter da Ag\u00eancia Brasil \/ Foto: Arquivo\/Ag\u00eancia Brasil<\/p>\n\n\n\n<p><\/p>\n\n\n\n<p>A Comiss\u00e3o de Seguran\u00e7a P\u00fablica e Combate ao Crime Organizado da C\u00e2mara dos Deputados aprovou nesta ter\u00e7a-feira (22) parecer favor\u00e1vel ao projeto de lei que autoriza o porte de armas de fogo para oficiais de justi\u00e7a e agentes&nbsp;socioeducativos.<img decoding=\"async\" src=\"https:\/\/agenciabrasil.ebc.com.br\/ebc.png?id=1639860&amp;o=node\"><img decoding=\"async\" src=\"https:\/\/agenciabrasil.ebc.com.br\/ebc.gif?id=1639860&amp;o=node\"><\/p>\n\n\n\n<p>O Projeto de Lei (PL)&nbsp;4.256\/2019, do senador Fabiano Contarato (PT-ES),&nbsp;<a href=\"https:\/\/agenciabrasil.ebc.com.br\/politica\/noticia\/2024-10\/ccj-aprova-porte-de-arma-agente-socioeducativo-e-oficial-de-justica\" target=\"_blank\" rel=\"noreferrer noopener\">j\u00e1 foi aprovado pela Comiss\u00e3o de Constitui\u00e7\u00e3o e Justi\u00e7a (CCJ) do Senado<\/a>.&nbsp;<\/p>\n\n\n\n<p><strong>Ao modificar o Estatuto do Desarmamento (<a href=\"https:\/\/www.planalto.gov.br\/ccivil_03\/leis\/2003\/l10.826.htm\" target=\"_blank\" rel=\"noreferrer noopener\">Lei 10.826 de 2003<\/a>), que regula a posse, o porte e a comercializa\u00e7\u00e3o de armas de fogo no Brasil, a proposta visa&nbsp;incluir expressamente esses profissionais entre os autorizados a portar arma de fogo,<\/strong>&nbsp;dadas as peculiaridades e riscos inerentes ao exerc\u00edcio de suas fun\u00e7\u00f5es.&nbsp;<\/p>\n\n\n\n<p>O relator da mat\u00e9ria, deputado Sanderson (PL-RS), destacou que, atualmente, os agentes&nbsp;socioeducativos de seguran\u00e7a exercem fun\u00e7\u00f5es an\u00e1logas \u00e0s dos policiais penais, lidando com adolescentes em conflito com a lei em unidades de interna\u00e7\u00e3o, muitas vezes em ambientes de grande tens\u00e3o e vulnerabilidade. Ele tamb\u00e9m destacou que os oficiais de justi\u00e7a realizam dilig\u00eancias em locais muitas vezes ermos ou de alta periculosidade, incluindo o cumprimento de mandados de busca, pris\u00e3o, reintegra\u00e7\u00e3o de posse e medidas protetivas.&nbsp;<\/p>\n\n\n\n<blockquote class=\"wp-block-quote is-layout-flow wp-block-quote-is-layout-flow\">\n<p>\u201cO reconhecimento do porte de arma para essas categorias n\u00e3o apenas promove a sua prote\u00e7\u00e3o pessoal, como tamb\u00e9m refor\u00e7a a autoridade do Estado no cumprimento da lei e no exerc\u00edcio das suas fun\u00e7\u00f5es essenciais \u00e0 Justi\u00e7a e \u00e0 seguran\u00e7a p\u00fablica\u201d, disse o deputado.&nbsp;<\/p>\n<\/blockquote>\n\n\n\n<p>O projeto ainda deve passar por an\u00e1lise da Comiss\u00e3o de Finan\u00e7as e Tributa\u00e7\u00e3o e da Comiss\u00e3o de Constitui\u00e7\u00e3o e Justi\u00e7a da C\u00e2mara.&nbsp;<\/p>\n","protected":false},"excerpt":{"rendered":"<p>Agentes socioeducativos tamb\u00e9m est\u00e3o previstos no projeto de lei Por Sabrina Craide &#8211; Rep\u00f3rter da<\/p>\n","protected":false},"author":2,"featured_media":102970,"comment_status":"open","ping_status":"open","sticky":false,"template":"","format":"standard","meta":{"footnotes":""},"categories":[17],"tags":[],"class_list":["post-102969","post","type-post","status-publish","format-standard","has-post-thumbnail","hentry","category-outras-noticias"],"_links":{"self":[{"href":"https:\/\/tvc16.com\/portal\/wp-json\/wp\/v2\/posts\/102969","targetHints":{"allow":["GET"]}}],"collection":[{"href":"https:\/\/tvc16.com\/portal\/wp-json\/wp\/v2\/posts"}],"about":[{"href":"https:\/\/tvc16.com\/portal\/wp-json\/wp\/v2\/types\/post"}],"author":[{"embeddable":true,"href":"https:\/\/tvc16.com\/portal\/wp-json\/wp\/v2\/users\/2"}],"replies":[{"embeddable":true,"href":"https:\/\/tvc16.com\/portal\/wp-json\/wp\/v2\/comments?post=102969"}],"version-history":[{"count":1,"href":"https:\/\/tvc16.com\/portal\/wp-json\/wp\/v2\/posts\/102969\/revisions"}],"predecessor-version":[{"id":102971,"href":"https:\/\/tvc16.com\/portal\/wp-json\/wp\/v2\/posts\/102969\/revisions\/102971"}],"wp:featuredmedia":[{"embeddable":true,"href":"https:\/\/tvc16.com\/portal\/wp-json\/wp\/v2\/media\/102970"}],"wp:attachment":[{"href":"https:\/\/tvc16.com\/portal\/wp-json\/wp\/v2\/media?parent=102969"}],"wp:term":[{"taxonomy":"category","embeddable":true,"href":"https:\/\/tvc16.com\/portal\/wp-json\/wp\/v2\/categories?post=102969"},{"taxonomy":"post_tag","embeddable":true,"href":"https:\/\/tvc16.com\/portal\/wp-json\/wp\/v2\/tags?post=102969"}],"curies":[{"name":"wp","href":"https:\/\/api.w.org\/{rel}","templated":true}]}}