{"id":102972,"date":"2025-04-23T08:31:36","date_gmt":"2025-04-23T11:31:36","guid":{"rendered":"https:\/\/tvc16.com\/portal\/?p=102972"},"modified":"2025-04-23T08:31:37","modified_gmt":"2025-04-23T11:31:37","slug":"operacao-da-prf-registra-1-198-feridos-e-86-mortes-nas-estradas","status":"publish","type":"post","link":"https:\/\/tvc16.com\/portal\/2025\/04\/23\/operacao-da-prf-registra-1-198-feridos-e-86-mortes-nas-estradas\/","title":{"rendered":"Opera\u00e7\u00e3o da PRF registra 1.198 feridos e 86 mortes nas estradas"},"content":{"rendered":"\n<p><em>Foram flagrados 61.687 ve\u00edculos acima do limite de velocidade<\/em><\/p>\n\n\n\n<p>Por Paula Laboissi\u00e8re \u2013 Rep\u00f3rter da Ag\u00eancia Brasil \/ Foto: PRF\/arquivo\/Divulga\u00e7\u00e3o<\/p>\n\n\n\n<p><\/p>\n\n\n\n<p><strong>A Pol\u00edcia Rodovi\u00e1ria Federal (PRF) registrou, durante os cinco dias da Opera\u00e7\u00e3o Semana Santa e Tiradentes 2025, 1.038 sinistros em rodovias federais brasileiras.<\/strong>&nbsp;As ocorr\u00eancias resultaram em 1.198 pessoas feridas e 86 mortes. Santa Catarina (145), Minas Gerais (118) e Paran\u00e1 (110) ocupam os primeiros lugares no ranking de sinistralidade.<img decoding=\"async\" src=\"https:\/\/agenciabrasil.ebc.com.br\/ebc.png?id=1639820&amp;o=node\"><img decoding=\"async\" src=\"https:\/\/agenciabrasil.ebc.com.br\/ebc.gif?id=1639820&amp;o=node\"><\/p>\n\n\n\n<p>De acordo com balan\u00e7o divulgado pela PRF nesta ter\u00e7a-feira (22), em Bras\u00edlia, 57.062 infra\u00e7\u00f5es foram contabilizadas no per\u00edodo.&nbsp;<strong>Ao todo, 118 mil pessoas e 96 mil ve\u00edculos foram fiscalizados em todo o pa\u00eds ao longo do feriado prolongado.<\/strong><\/p>\n\n\n\n<p>\u201cAs estat\u00edsticas da opera\u00e7\u00e3o trazem o excesso de velocidade, as ultrapassagens indevidas, o n\u00e3o uso do cinto de seguran\u00e7a e a alcoolemia ao volante ainda como as condutas irregulares e perigosas mais cometidas pelos condutores no feriad\u00e3o\u201d, destacou a corpora\u00e7\u00e3o em nota.<\/p>\n\n\n\n<h2 class=\"wp-block-heading\">Ultrapassagens&nbsp; perigosas<\/h2>\n\n\n\n<p>Dentre as infra\u00e7\u00f5es figuram 4.875 ultrapassagens indevidas e 3.999 casos em que motoristas\/passageiros deixaram de usar o cinto de seguran\u00e7a, al\u00e9m de 1.097 recusas ao teste do etil\u00f4metro, 158 constata\u00e7\u00f5es de consumo de \u00e1lcool e 73 pessoas detidas por esse motivo.<\/p>\n\n\n\n<p>Dados da PRF indicam, ainda,&nbsp;<strong>61.687 imagens capturadas de ve\u00edculos trafegando acima do limite de velocidade<\/strong>.<br><\/p>\n","protected":false},"excerpt":{"rendered":"<p>Foram flagrados 61.687 ve\u00edculos acima do limite de velocidade Por Paula Laboissi\u00e8re \u2013 Rep\u00f3rter da<\/p>\n","protected":false},"author":2,"featured_media":102973,"comment_status":"open","ping_status":"open","sticky":false,"template":"","format":"standard","meta":{"footnotes":""},"categories":[17],"tags":[],"class_list":["post-102972","post","type-post","status-publish","format-standard","has-post-thumbnail","hentry","category-outras-noticias"],"_links":{"self":[{"href":"https:\/\/tvc16.com\/portal\/wp-json\/wp\/v2\/posts\/102972","targetHints":{"allow":["GET"]}}],"collection":[{"href":"https:\/\/tvc16.com\/portal\/wp-json\/wp\/v2\/posts"}],"about":[{"href":"https:\/\/tvc16.com\/portal\/wp-json\/wp\/v2\/types\/post"}],"author":[{"embeddable":true,"href":"https:\/\/tvc16.com\/portal\/wp-json\/wp\/v2\/users\/2"}],"replies":[{"embeddable":true,"href":"https:\/\/tvc16.com\/portal\/wp-json\/wp\/v2\/comments?post=102972"}],"version-history":[{"count":1,"href":"https:\/\/tvc16.com\/portal\/wp-json\/wp\/v2\/posts\/102972\/revisions"}],"predecessor-version":[{"id":102974,"href":"https:\/\/tvc16.com\/portal\/wp-json\/wp\/v2\/posts\/102972\/revisions\/102974"}],"wp:featuredmedia":[{"embeddable":true,"href":"https:\/\/tvc16.com\/portal\/wp-json\/wp\/v2\/media\/102973"}],"wp:attachment":[{"href":"https:\/\/tvc16.com\/portal\/wp-json\/wp\/v2\/media?parent=102972"}],"wp:term":[{"taxonomy":"category","embeddable":true,"href":"https:\/\/tvc16.com\/portal\/wp-json\/wp\/v2\/categories?post=102972"},{"taxonomy":"post_tag","embeddable":true,"href":"https:\/\/tvc16.com\/portal\/wp-json\/wp\/v2\/tags?post=102972"}],"curies":[{"name":"wp","href":"https:\/\/api.w.org\/{rel}","templated":true}]}}