{"id":102981,"date":"2025-04-23T08:46:40","date_gmt":"2025-04-23T11:46:40","guid":{"rendered":"https:\/\/tvc16.com\/portal\/?p=102981"},"modified":"2025-04-23T08:46:40","modified_gmt":"2025-04-23T11:46:40","slug":"papa-francisco-velorio-e-aberto-ao-publico-no-vaticano","status":"publish","type":"post","link":"https:\/\/tvc16.com\/portal\/2025\/04\/23\/papa-francisco-velorio-e-aberto-ao-publico-no-vaticano\/","title":{"rendered":"Papa Francisco: vel\u00f3rio \u00e9 aberto ao p\u00fablico no Vaticano"},"content":{"rendered":"\n<p><em>Na Pra\u00e7a Santa Marta, mais de 20 mil fi\u00e9is receberam o corpo<\/em><\/p>\n\n\n\n<p>Por Paula Laboissi\u00e8re &#8211; Rep\u00f3rter da Ag\u00eancia Brasil \/ Foto: Vaticano\/Divulga\u00e7\u00e3o<\/p>\n\n\n\n<p><\/p>\n\n\n\n<p>Mais de 20 mil fi\u00e9is se reuniram nesta quarta-feira (23) na Pra\u00e7a Santa Marta, no Vaticano, para prestar condol\u00eancias e receber o caix\u00e3o com o corpo do papa Francisco. A&nbsp;<strong>cerim\u00f4nia de vel\u00f3rio aberto come\u00e7ou \u00e0s 11h (hor\u00e1rio local) e segue at\u00e9 a pr\u00f3xima sexta-feira (25).<\/strong><img decoding=\"async\" src=\"https:\/\/agenciabrasil.ebc.com.br\/ebc.png?id=1639883&amp;o=node\"><img decoding=\"async\" src=\"https:\/\/agenciabrasil.ebc.com.br\/ebc.gif?id=1639883&amp;o=node\"><\/p>\n\n\n\n<p>De acordo com a Santa S\u00e9, o caix\u00e3o foi colocado em frente ao Altar da Confiss\u00e3o, na Bas\u00edlica de S\u00e3o Pedro, onde o coro cantou a Ladainha dos Santos em latim \u201cpara o repouso de sua alma\u201d. O cardeal camerlengo Kevin Farrel conduziu uma breve liturgia que incluiu uma leitura do Evangelho de Jo\u00e3o sobre o amor de Jesus por seus disc\u00edpulos.<\/p>\n\n\n\n<p><strong>Os hor\u00e1rios informados pelo Vaticano para visita\u00e7\u00e3o de fi\u00e9is \u00e0 bas\u00edlica para se despedir do papa s\u00e3o os seguintes: na quarta-feira, das 11h \u00e0 meia-noite; na quinta-feira (24), das 7h \u00e0 meia-noite; e na sexta-feira (25), das 7h \u00e0s 19h.<\/strong><\/p>\n\n\n\n<p><strong>O funeral de Francisco foi agendado para o pr\u00f3ximo s\u00e1bado (26), a partir das 10h, na pr\u00f3pria Bas\u00edlica de S\u00e3o Pedro<\/strong>. De l\u00e1, o caix\u00e3o ser\u00e1 levado para a Bas\u00edlica de Santa Maria Maior, onde vai ser&nbsp;sepultado, conforme pedido do pont\u00edfice.<\/p>\n\n\n\n<p>A cerim\u00f4nia de s\u00e1bado, conhecida como Missa de Ex\u00e9quias, marca o primeiro dia do Novendiali ou nove dias de luto e ora\u00e7\u00f5es em honra ao papa. A celebra\u00e7\u00e3o, no \u00e1trio da bas\u00edlica, ser\u00e1 presidida pelo cardeal Giovanni Battista Re, decano do Col\u00e9gio Cardinal\u00edcio.<\/p>\n\n\n\n<p>Ao final, ocorrer\u00e3o os ritos da \u00daltima Commendatio e da Valedictio \u2014 despedidas solenes que marcam o encerramento das ex\u00e9quias.<br><\/p>\n","protected":false},"excerpt":{"rendered":"<p>Na Pra\u00e7a Santa Marta, mais de 20 mil fi\u00e9is receberam o corpo Por Paula Laboissi\u00e8re<\/p>\n","protected":false},"author":2,"featured_media":102983,"comment_status":"open","ping_status":"open","sticky":false,"template":"","format":"standard","meta":{"footnotes":""},"categories":[17],"tags":[],"class_list":["post-102981","post","type-post","status-publish","format-standard","has-post-thumbnail","hentry","category-outras-noticias"],"_links":{"self":[{"href":"https:\/\/tvc16.com\/portal\/wp-json\/wp\/v2\/posts\/102981","targetHints":{"allow":["GET"]}}],"collection":[{"href":"https:\/\/tvc16.com\/portal\/wp-json\/wp\/v2\/posts"}],"about":[{"href":"https:\/\/tvc16.com\/portal\/wp-json\/wp\/v2\/types\/post"}],"author":[{"embeddable":true,"href":"https:\/\/tvc16.com\/portal\/wp-json\/wp\/v2\/users\/2"}],"replies":[{"embeddable":true,"href":"https:\/\/tvc16.com\/portal\/wp-json\/wp\/v2\/comments?post=102981"}],"version-history":[{"count":1,"href":"https:\/\/tvc16.com\/portal\/wp-json\/wp\/v2\/posts\/102981\/revisions"}],"predecessor-version":[{"id":102984,"href":"https:\/\/tvc16.com\/portal\/wp-json\/wp\/v2\/posts\/102981\/revisions\/102984"}],"wp:featuredmedia":[{"embeddable":true,"href":"https:\/\/tvc16.com\/portal\/wp-json\/wp\/v2\/media\/102983"}],"wp:attachment":[{"href":"https:\/\/tvc16.com\/portal\/wp-json\/wp\/v2\/media?parent=102981"}],"wp:term":[{"taxonomy":"category","embeddable":true,"href":"https:\/\/tvc16.com\/portal\/wp-json\/wp\/v2\/categories?post=102981"},{"taxonomy":"post_tag","embeddable":true,"href":"https:\/\/tvc16.com\/portal\/wp-json\/wp\/v2\/tags?post=102981"}],"curies":[{"name":"wp","href":"https:\/\/api.w.org\/{rel}","templated":true}]}}