{"id":102985,"date":"2025-04-23T08:48:16","date_gmt":"2025-04-23T11:48:16","guid":{"rendered":"https:\/\/tvc16.com\/portal\/?p=102985"},"modified":"2025-04-23T08:48:17","modified_gmt":"2025-04-23T11:48:17","slug":"bndes-destina-r-135-milhoes-a-acoes-sociais-e-ambientais-em-favelas","status":"publish","type":"post","link":"https:\/\/tvc16.com\/portal\/2025\/04\/23\/bndes-destina-r-135-milhoes-a-acoes-sociais-e-ambientais-em-favelas\/","title":{"rendered":"BNDES destina R$ 135 milh\u00f5es a a\u00e7\u00f5es sociais e ambientais em favelas"},"content":{"rendered":"\n<p><em>Projeto visa fortalecer \u00e1reas perif\u00e9ricas das regi\u00f5es Norte e Nordeste<\/em><\/p>\n\n\n\n<p>Por Elaine Patricia Cruz \u2013 Rep\u00f3rter da Ag\u00eancia Brasil \/ Foto: Marcelo Camargo\/Ag\u00eancia Brasil<\/p>\n\n\n\n<p><\/p>\n\n\n\n<p><strong>O Banco Nacional de Desenvolvimento Econ\u00f4mico e Social (BNDES) vai dar mais apoio a projetos sociais e ambientais desenvolvidos em favelas ou comunidades de todo o pa\u00eds. Para isso, o banco anunciou nesta ter\u00e7a-feira (22), na capital paulista, or\u00e7amento de R$ 135 milh\u00f5es para novos editais e duas novas frentes do programa BNDES Periferias.<\/strong><img decoding=\"async\" src=\"https:\/\/agenciabrasil.ebc.com.br\/ebc.png?id=1639840&amp;o=node\"><img decoding=\"async\" src=\"https:\/\/agenciabrasil.ebc.com.br\/ebc.gif?id=1639840&amp;o=node\"><\/p>\n\n\n\n<p>Uma das novidades \u00e9 o lan\u00e7amento de dois editais que v\u00e3o selecionar parceiros executores do BNDES Periferias Fortes, visando ao fortalecimento de organiza\u00e7\u00f5es sociais que atuam em comunidades e regi\u00f5es perif\u00e9ricas das regi\u00f5es Norte e Nordeste do pa\u00eds. Cada um desses editais prev\u00ea R$ 17,5 milh\u00f5es.<\/p>\n\n\n\n<p><strong>O banco anunciou tamb\u00e9m R$ 50 milh\u00f5es para a nova frente do BNDES Periferias Verdes, que apoia projetos de recupera\u00e7\u00e3o, conserva\u00e7\u00e3o e preserva\u00e7\u00e3o ambiental com foco na inclus\u00e3o produtiva da popula\u00e7\u00e3o local com a\u00e7\u00f5es de economia circular, agricultura urbana e resili\u00eancia clim\u00e1tica.<\/strong>&nbsp;Essa frente foi inclu\u00edda na terceira chamada do BNDES Periferias, que est\u00e1 com inscri\u00e7\u00f5es abertas at\u00e9 o dia 30 de maio.<\/p>\n\n\n\n<figure class=\"wp-block-image\"><img decoding=\"async\" src=\"https:\/\/imagens.ebc.com.br\/PuU0OWnSh9qMGBrNQpzZdtKyTyQ=\/463x0\/smart\/https:\/\/agenciabrasil.ebc.com.br\/sites\/default\/files\/thumbnails\/image\/2025\/03\/21\/restaura-amazonia_mcamgo_abr_21032025-2.jpg?itok=Thy0loX5\" alt=\"Bras\u00edlia (DF), 21\/03\/2025 - A diretora socioambiental do BNDES, Tereza Campello, durante lan\u00e7amento de edital de sele\u00e7\u00e3o de projetos de restaura\u00e7\u00e3o ecol\u00f3gica na Amaz\u00f4nia, a iniciativa \u201cRestaura Amaz\u00f4nia\u201d. Foto: Marcelo Camargo\/Ag\u00eancia Brasil\" title=\"Marcelo Camargo\/Ag\u00eancia Brasil\"\/><\/figure>\n\n\n\n<p>A&nbsp; diretora&nbsp; Socioambiental&nbsp; do&nbsp; BNDES, Tereza&nbsp; Campello,&nbsp; destaca&nbsp; a&nbsp; agenda&nbsp; clim\u00e1tica&nbsp; do&nbsp; Periferias&nbsp; Verdes&nbsp; &#8211;<strong>&nbsp; Marcelo&nbsp; Camargo\/Arquivo\/Ag\u00eancia&nbsp; Brasil<\/strong><\/p>\n\n\n\n<p><strong>Al\u00e9m disso, ser\u00e3o destinados R$ 50 milh\u00f5es a projetos das frentes Polos BNDES Periferias e BNDES Periferias Empreendedoras.&nbsp;<\/strong>A chamada em curso vai alterar o percentual de contrapartida de 50% para 10% para entidades sem fins lucrativos n\u00e3o empresariais e sem acesso a recursos recorrentes.<\/p>\n\n\n\n<blockquote class=\"wp-block-quote is-layout-flow wp-block-quote-is-layout-flow\">\n<p>\u201cEstamos com o processo de sele\u00e7\u00e3o da primeira e segunda chamadas do BNDES Periferias e abrindo agora essa terceira chamada, que anunciamos hoje. E a a grande novidade \u00e9 o BNDES Periferias Verdes\u201d, informou Tereza Campello, diretora Socioambiental do BNDES. \u201cO Periferias Verdes entra com toda uma agenda clim\u00e1tica: pode-se fazer horta e tamb\u00e9m a\u00e7\u00f5es de preven\u00e7\u00e3o do ponto de vista de mudan\u00e7as clim\u00e1ticas.\u201d<\/p>\n<\/blockquote>\n\n\n\n<p>Segundo Tereza, o programa demonstra que o BNDES \u201cousou ao tomar essa iniciativa\u201d, voltando-se para esses territ\u00f3rios. \u201cTodo mundo, quando olha para o BNDES, olha para um banco voltado para ind\u00fastria e para inova\u00e7\u00e3o, e a gente agora inova, mostrando que pode chegar \u00e0s periferias.\u201d<\/p>\n\n\n\n<p>No evento de lan\u00e7amento, o secret\u00e1rio Nacional de Periferias do Minist\u00e9rio das Cidades, Guilherme Sim\u00f5es, citou dados do Instituto Brasileiro de Geografia e Estat\u00edstica (IBGE) e do DataFavela, segundo os quais aproximadamente a metade dos 16 milh\u00f5es de brasileiros que vivem em favelas e comunidades urbanas se autointitulam empreendedores. No entanto, seis em cada dez deles n\u00e3o tem formaliza\u00e7\u00e3o.&nbsp;<\/p>\n\n\n\n<blockquote class=\"wp-block-quote is-layout-flow wp-block-quote-is-layout-flow\">\n<p>\u201cEsses n\u00fameros demonstram um pouco a capacidade e o potencial econ\u00f4mico, hoje subutilizado, dessas regi\u00f5es do nosso pa\u00eds\u201d, disse.<\/p>\n<\/blockquote>\n\n\n\n<p>Para o secret\u00e1rio, iniciativas como essa do BNDES n\u00e3o s\u00e3o apenas uma forma de repara\u00e7\u00e3o hist\u00f3rica, mas demonstram que h\u00e1 um potencial econ\u00f4mico, pol\u00edtico e cultural dentro desses territ\u00f3rios. \u201cIsso n\u00e3o \u00e9 apenas uma iniciativa de pagamento de uma d\u00edvida [hist\u00f3rica] ou, o que quer que seja, mas \u00e9 justamente a leitura mais racional, mais objetiva e mais assertiva sobre do papel das periferias no desenvolvimento econ\u00f4mico do nosso pa\u00eds\u201d, refor\u00e7ou.<\/p>\n\n\n\n<p>O tesoureiro da Uni\u00e3o dos N\u00facleos, Associa\u00e7\u00e3o dos Moradores de Heli\u00f3polis e regi\u00e3o (Unas), Jos\u00e9 Geraldo de Paula Pinto, disse \u00e0 reportagem da&nbsp;<strong>Ag\u00eancia Brasil<\/strong>&nbsp;que considera a iniciativa do BNDES um pontap\u00e9 inicial e que poderia, inclusive, inspirar os bancos privados. \u201cEu acho que [a iniciativa] est\u00e1 provocando [um debate] e tende a melhorar\u201d, disse ele. \u201c\u00c9 um desafio conseguir a contrapartida com a iniciativa privada, mas eu acho que isso j\u00e1 \u00e9 um avan\u00e7o\u201d, afirmou.<\/p>\n\n\n\n<p>Mas o tesoureiro da Unas ressalta que \u00e9 poss\u00edvel fazer mais. \u201c\u00c9 preciso um projeto direto com os moradores. Se entregar os recursos para os mais pobres, eles v\u00e3o saber administrar\u201d.<\/p>\n\n\n\n<h2 class=\"wp-block-heading\">BNDES Periferias<\/h2>\n\n\n\n<p>O programa BNDES Periferias foi lan\u00e7ado em mar\u00e7o de 2024 para apoiar projetos que fomentem o empreendedorismo em territ\u00f3rios perif\u00e9ricos. Segundo o banco de fomento, as duas primeiras chamadas p\u00fablicas, que receberam aportes de R$ 50 milh\u00f5es do BNDES cada, somaram 101 propostas inscritas, das quais 17 prosseguiram para a fase de an\u00e1lise.<\/p>\n\n\n\n<p>Al\u00e9m do BNDES Periferias Verdes e do BNDES Periferias Fortes, a iniciativa atua em mais duas frentes: Polos BNDES Periferias, que apoiam projetos voltados \u00e0 constru\u00e7\u00e3o ou revitaliza\u00e7\u00e3o de polos adapt\u00e1veis em territ\u00f3rios perif\u00e9ricos, e o BNDES Periferias Empreendedoras, direcionado a apoiar empreendedores, prioritariamente mulheres, jovens e popula\u00e7\u00e3o negra, por meio de a\u00e7\u00f5es de capacita\u00e7\u00e3o, mentoria e aporte de capital semente.<br><\/p>\n","protected":false},"excerpt":{"rendered":"<p>Projeto visa fortalecer \u00e1reas perif\u00e9ricas das regi\u00f5es Norte e Nordeste Por Elaine Patricia Cruz \u2013<\/p>\n","protected":false},"author":2,"featured_media":102986,"comment_status":"open","ping_status":"open","sticky":false,"template":"","format":"standard","meta":{"footnotes":""},"categories":[17],"tags":[],"class_list":["post-102985","post","type-post","status-publish","format-standard","has-post-thumbnail","hentry","category-outras-noticias"],"_links":{"self":[{"href":"https:\/\/tvc16.com\/portal\/wp-json\/wp\/v2\/posts\/102985","targetHints":{"allow":["GET"]}}],"collection":[{"href":"https:\/\/tvc16.com\/portal\/wp-json\/wp\/v2\/posts"}],"about":[{"href":"https:\/\/tvc16.com\/portal\/wp-json\/wp\/v2\/types\/post"}],"author":[{"embeddable":true,"href":"https:\/\/tvc16.com\/portal\/wp-json\/wp\/v2\/users\/2"}],"replies":[{"embeddable":true,"href":"https:\/\/tvc16.com\/portal\/wp-json\/wp\/v2\/comments?post=102985"}],"version-history":[{"count":1,"href":"https:\/\/tvc16.com\/portal\/wp-json\/wp\/v2\/posts\/102985\/revisions"}],"predecessor-version":[{"id":102987,"href":"https:\/\/tvc16.com\/portal\/wp-json\/wp\/v2\/posts\/102985\/revisions\/102987"}],"wp:featuredmedia":[{"embeddable":true,"href":"https:\/\/tvc16.com\/portal\/wp-json\/wp\/v2\/media\/102986"}],"wp:attachment":[{"href":"https:\/\/tvc16.com\/portal\/wp-json\/wp\/v2\/media?parent=102985"}],"wp:term":[{"taxonomy":"category","embeddable":true,"href":"https:\/\/tvc16.com\/portal\/wp-json\/wp\/v2\/categories?post=102985"},{"taxonomy":"post_tag","embeddable":true,"href":"https:\/\/tvc16.com\/portal\/wp-json\/wp\/v2\/tags?post=102985"}],"curies":[{"name":"wp","href":"https:\/\/api.w.org\/{rel}","templated":true}]}}