{"id":102988,"date":"2025-04-23T08:49:45","date_gmt":"2025-04-23T11:49:45","guid":{"rendered":"https:\/\/tvc16.com\/portal\/?p=102988"},"modified":"2025-04-23T08:49:46","modified_gmt":"2025-04-23T11:49:46","slug":"visita-do-papa-ao-brasil-reuniu-37-milhoes-de-pessoas-no-rio-em-2013","status":"publish","type":"post","link":"https:\/\/tvc16.com\/portal\/2025\/04\/23\/visita-do-papa-ao-brasil-reuniu-37-milhoes-de-pessoas-no-rio-em-2013\/","title":{"rendered":"Visita do papa ao Brasil reuniu 3,7 milh\u00f5es de pessoas no Rio em 2013"},"content":{"rendered":"\n<p><em>Chefe da Igreja Cat\u00f3lica morreu dia 21, aos 88 anos<\/em><\/p>\n\n\n\n<p>Por Rafael Cardoso &#8211; Rep\u00f3rter da Ag\u00eancia Brasil \/ Foto: T\u00e2nia R\u00eago\/Ag\u00eancia Brasil<\/p>\n\n\n\n<p><\/p>\n\n\n\n<p><strong>O papa Francisco, nascido na Argentina, manteve uma rela\u00e7\u00e3o de proximidade com o Brasil.<\/strong>&nbsp;Em julho de 2013,&nbsp;a primeira viagem apost\u00f3lica de Francisco foi ao Brasil. Ele veio ao pa\u00eds por ocasi\u00e3o da 28\u00aa Jornada Mundial da Juventude (JMJ), o primeiro evento do tipo em um pa\u00eds de l\u00edngua portuguesa e o segundo na Am\u00e9rica do Sul. O evento foi realizado no Rio de Janeiro.<img decoding=\"async\" src=\"https:\/\/agenciabrasil.ebc.com.br\/ebc.png?id=1639772&amp;o=node\"><img decoding=\"async\" src=\"https:\/\/agenciabrasil.ebc.com.br\/ebc.gif?id=1639772&amp;o=node\"><\/p>\n\n\n\n<p>Al\u00e9m disso, durante o seu papado, foram muitas refer\u00eancias ao pa\u00eds com mais fi\u00e9is cat\u00f3licos no mundo, como o dia em que ele disse, brincando, que \u201cDeus \u00e9 brasileiro\u201d.<\/p>\n\n\n\n<p><strong>Jorge Mario Bergoglio&nbsp;<a href=\"https:\/\/agenciabrasil.ebc.com.br\/internacional\/noticia\/2025-04\/papa-francisco-morre-aos-88-anos-conheca-trajetoria-pontifice\" target=\"_blank\" rel=\"noreferrer noopener\">morreu na madrugada de segunda-feira (21)<\/a>, v\u00edtima de um acidente vascular cerebral (AVC) e por insufici\u00eancia card\u00edaca. Ele tinha 88 anos e ocupou o cargo m\u00e1ximo da Igreja Cat\u00f3lica por 12 anos.<\/strong><\/p>\n\n\n\n<h2 class=\"wp-block-heading\">Visita como cardeal<\/h2>\n\n\n\n<p>Seis anos antes de ser eleito papa, em maio de 2007, Bergoglio esteve na cidade de Aparecida, S\u00e3o Paulo, para a 5\u00aa Confer\u00eancia Geral do Episcopado Latino-Americano e do Caribe. Ele era cardeal arcebispo de Buenos Aires \u00e0 \u00e9poca.<\/p>\n\n\n\n<p>O encontro dos bispos latino-americanos, convocado pelo papa Jo\u00e3o Paulo II, debateu diferentes temas. Entre eles, a situa\u00e7\u00e3o da Amaz\u00f4nia e das popula\u00e7\u00f5es origin\u00e1rias e afro-americanas, al\u00e9m de quest\u00f5es de g\u00eanero. Bergoglio foi respons\u00e1vel por liderar a escrita do documento final.<\/p>\n\n\n\n<h2 class=\"wp-block-heading\">Jornada Mundial da Juventude<br>&nbsp;<\/h2>\n\n\n\n<figure class=\"wp-block-image\"><img decoding=\"async\" src=\"https:\/\/imagens.ebc.com.br\/wQeTbYtY8JdXo8-_ek7KuTPFBuE=\/754x0\/smart\/https:\/\/agenciabrasil.ebc.com.br\/sites\/default\/files\/thumbnails\/image\/2025\/04\/21\/papa_francisco_no_rio_de_janeiro03.jpg?itok=qISemzoe\" alt=\"Rio de Janeiro 21\/04\/2025- Foto de arquivo  - O papa Francisco participa da confiss\u00e3o de alguns jovens participantes da Jornada Mundial da Juventude (JMJ), no Parque Municipal da Quinta da Boa Vista.\" title=\"T\u00e2nia Rego\/Ag\u00eancia Brasil\"\/><\/figure>\n\n\n\n<h6 class=\"wp-block-heading\">O papa Francisco participa da confiss\u00e3o de alguns jovens presentes&nbsp;da Jornada Mundial da Juventude (JMJ), no Parque Municipal da Quinta da Boa Vista, no Rio de Janeiro. Foto: T\u00e2nia Rego\/Arquivo Ag\u00eancia Brasil<\/h6>\n\n\n\n<p>Em 2013, j\u00e1 como papa, dias antes de desembarcar no Rio, Francisco esteve novamente em Aparecida, onde visitou a bas\u00edlica. Depois seguiu para o Rio, onde visitou o Hospital S\u00e3o Francisco de Assis, na Provid\u00eancia de Deus, na zona norte.<\/p>\n\n\n\n<p>Tamb\u00e9m esteve na comunidade de Varginha, na favela de Manguinhos, onde destacou a acolhida dos brasileiros.<\/p>\n\n\n\n<p>\u201cDesde o primeiro instante em que toquei as terras brasileiras e tamb\u00e9m aqui junto de voc\u00eas eu me sinto acolhido. E \u00e9 importante saber acolher; \u00e9 algo mais bonito que qualquer enfeite ou decora\u00e7\u00e3o\u201d, disse o papa.<\/p>\n\n\n\n<p>A JMJ teve como palco principal a praia de Copacabana. Dados oficiais estimaram um&nbsp;<strong>p\u00fablico de 3,7 milh\u00f5es de pessoas<\/strong>&nbsp;durante a Missa de Envio no \u00faltimo dia do evento, 28 de julho.<\/p>\n\n\n\n<p>Antes de voltar para o Vaticano, Francisco brincou sobre as rivalidades entre o Brasil e a Argentina. Disse que \u201cquanto \u00e0 rivalidade, creio que j\u00e1 est\u00e1 totalmente superada. Porque negociamos bem. O papa \u00e9 argentino e Deus \u00e9 brasileiro\u201d.<br><\/p>\n","protected":false},"excerpt":{"rendered":"<p>Chefe da Igreja Cat\u00f3lica morreu dia 21, aos 88 anos Por Rafael Cardoso &#8211; Rep\u00f3rter<\/p>\n","protected":false},"author":2,"featured_media":102989,"comment_status":"open","ping_status":"open","sticky":false,"template":"","format":"standard","meta":{"footnotes":""},"categories":[17],"tags":[],"class_list":["post-102988","post","type-post","status-publish","format-standard","has-post-thumbnail","hentry","category-outras-noticias"],"_links":{"self":[{"href":"https:\/\/tvc16.com\/portal\/wp-json\/wp\/v2\/posts\/102988","targetHints":{"allow":["GET"]}}],"collection":[{"href":"https:\/\/tvc16.com\/portal\/wp-json\/wp\/v2\/posts"}],"about":[{"href":"https:\/\/tvc16.com\/portal\/wp-json\/wp\/v2\/types\/post"}],"author":[{"embeddable":true,"href":"https:\/\/tvc16.com\/portal\/wp-json\/wp\/v2\/users\/2"}],"replies":[{"embeddable":true,"href":"https:\/\/tvc16.com\/portal\/wp-json\/wp\/v2\/comments?post=102988"}],"version-history":[{"count":1,"href":"https:\/\/tvc16.com\/portal\/wp-json\/wp\/v2\/posts\/102988\/revisions"}],"predecessor-version":[{"id":102990,"href":"https:\/\/tvc16.com\/portal\/wp-json\/wp\/v2\/posts\/102988\/revisions\/102990"}],"wp:featuredmedia":[{"embeddable":true,"href":"https:\/\/tvc16.com\/portal\/wp-json\/wp\/v2\/media\/102989"}],"wp:attachment":[{"href":"https:\/\/tvc16.com\/portal\/wp-json\/wp\/v2\/media?parent=102988"}],"wp:term":[{"taxonomy":"category","embeddable":true,"href":"https:\/\/tvc16.com\/portal\/wp-json\/wp\/v2\/categories?post=102988"},{"taxonomy":"post_tag","embeddable":true,"href":"https:\/\/tvc16.com\/portal\/wp-json\/wp\/v2\/tags?post=102988"}],"curies":[{"name":"wp","href":"https:\/\/api.w.org\/{rel}","templated":true}]}}