{"id":10299,"date":"2021-02-11T17:27:15","date_gmt":"2021-02-11T20:27:15","guid":{"rendered":"https:\/\/tvc16.com\/portal\/?p=10299"},"modified":"2021-02-11T17:27:17","modified_gmt":"2021-02-11T20:27:17","slug":"camara-aprova-projeto-que-torna-crime-furar-a-fila-de-vacinacao","status":"publish","type":"post","link":"https:\/\/tvc16.com\/portal\/2021\/02\/11\/camara-aprova-projeto-que-torna-crime-furar-a-fila-de-vacinacao\/","title":{"rendered":"C\u00e2mara aprova projeto que torna crime furar a fila de vacina\u00e7\u00e3o"},"content":{"rendered":"\n<h3 class=\"wp-block-heading\">Ato ser\u00e1 punido com pena de reclus\u00e3o de um a tr\u00eas anos<\/h3>\n\n\n\n<h3 class=\"wp-block-heading\">Por Luciano Nascimento &#8211; Rep\u00f3rter da Ag\u00eancia Brasil &#8211; Bras\u00edlia<\/h3>\n\n\n\n<p>A C\u00e2mara dos Deputados aprovou hoje (11) o&nbsp;<a href=\"https:\/\/www.camara.leg.br\/proposicoesWeb\/prop_mostrarintegra;jsessionid=node01n8a31fbga6hzkyq7ji8z13kh1597701.node0?codteor=1959557&amp;filename=PL+25\/2021\" target=\"_blank\" rel=\"noreferrer noopener\">Projeto de Lei 25\/21<\/a>&nbsp;que altera o C\u00f3digo Penal para punir as pessoas que furam a fila de vacina\u00e7\u00e3o contra o novo coronav\u00edrus (covid-19). Os parlamentares tamb\u00e9m aprovaram a proposta que aumenta a pena para quem destruir, inutilizar vacinas ou insumo usados contra a covid-19. As duas mat\u00e9rias seguem agora para aprecia\u00e7\u00e3o do Senado.<img decoding=\"async\" src=\"https:\/\/agenciabrasil.ebc.com.br\/ebc.png?id=1401183&amp;o=node\"><img decoding=\"async\" src=\"https:\/\/agenciabrasil.ebc.com.br\/ebc.gif?id=1401183&amp;o=node\"><\/p>\n\n\n\n<p>O projeto prev\u00ea que quem infringir a ordem de vacina\u00e7\u00e3o&nbsp; &#8211; furar a fila &#8211; poder\u00e1 ser punido com pena de reclus\u00e3o de um a tr\u00eas anos, e multa. A pena \u00e9 aumentada de um ter\u00e7o se o agente falsifica atestado, declara\u00e7\u00e3o, certid\u00e3o ou qualquer documento.<\/p>\n\n\n\n<p>O projeto tamb\u00e9m prev\u00ea a puni\u00e7\u00e3o pelo crime de peculato de vacinas, bens ou insumos medicinais ou terap\u00eauticos com reclus\u00e3o de tr\u00eas a 13 anos, e multa. A puni\u00e7\u00e3o para quem se apropriar, desviar ou subtrair vacinas vale tanto para vacina p\u00fablica como para particular.<\/p>\n\n\n\n<p>O projeto caracteriza como crime de corrup\u00e7\u00e3o em plano de imuniza\u00e7\u00e3o o ato da pessoa se valer de cargo ou fun\u00e7\u00e3o para, em benef\u00edcio pr\u00f3prio ou alheio, infringir a ordem de prioridade de vacina\u00e7\u00e3o ou afrontar, por qualquer meio, a operacionaliza\u00e7\u00e3o de plano federal, estadual, distrital ou municipal de imuniza\u00e7\u00e3o. A pena \u00e9 de reclus\u00e3o de dois a 12 anos, e multa.<\/p>\n\n\n\n<p>Nos casos em que o funcion\u00e1rio p\u00fablico deixar de tomar provid\u00eancias para apurar esse tipo de crime, ele poder\u00e1 receber a mesma puni\u00e7\u00e3o.<\/p>\n\n\n\n<p>A pena \u00e9 aumentada de um ter\u00e7o at\u00e9 a metade se o funcion\u00e1rio exige, solicita ou recebe, para si ou para outrem, direta ou indiretamente, ainda que fora da fun\u00e7\u00e3o ou antes de assumi-la, mas em raz\u00e3o dela, vantagem indevida.<\/p>\n\n\n\n<p>J\u00e1 o&nbsp;<a href=\"https:\/\/www.camara.leg.br\/proposicoesWeb\/prop_mostrarintegra?codteor=1959561&amp;filename=PL+27\/2021\" target=\"_blank\" rel=\"noreferrer noopener\">Projeto de Lei 27\/21<\/a>, aumenta a pena para quem destruir, inutilizar ou deteriorar vacina ou insumo usado para enfrentar a pandemia do novo coronav\u00edrus. O projeto altera o C\u00f3digo Penal para aumentar a pena para quem for condenado por dano qualificado, relacionado \u00e0 vacina e insumo contra a covid-19. A puni\u00e7\u00e3o ser\u00e1 aplicada para quem realizar o crime com inten\u00e7\u00e3o (dolo).<\/p>\n\n\n\n<p>Atualmente, a pena prevista para dano qualificado \u00e9 de deten\u00e7\u00e3o de seis meses a tr\u00eas anos. O projeto prev\u00ea que a puni\u00e7\u00e3o para deten\u00e7\u00e3o seja de um a cinco anos e aplica\u00e7\u00e3o de multa.<\/p>\n\n\n\n<p><em>* Com informa\u00e7\u00f5es da Ag\u00eancia C\u00e2mara<\/em><\/p>\n\n\n\n<p>Edi\u00e7\u00e3o: Fernando Fraga<\/p>\n","protected":false},"excerpt":{"rendered":"<p>Ato ser\u00e1 punido com pena de reclus\u00e3o de um a tr\u00eas anos Por Luciano Nascimento<\/p>\n","protected":false},"author":2,"featured_media":10300,"comment_status":"open","ping_status":"open","sticky":false,"template":"","format":"standard","meta":{"footnotes":""},"categories":[17],"tags":[],"class_list":["post-10299","post","type-post","status-publish","format-standard","has-post-thumbnail","hentry","category-outras-noticias"],"_links":{"self":[{"href":"https:\/\/tvc16.com\/portal\/wp-json\/wp\/v2\/posts\/10299","targetHints":{"allow":["GET"]}}],"collection":[{"href":"https:\/\/tvc16.com\/portal\/wp-json\/wp\/v2\/posts"}],"about":[{"href":"https:\/\/tvc16.com\/portal\/wp-json\/wp\/v2\/types\/post"}],"author":[{"embeddable":true,"href":"https:\/\/tvc16.com\/portal\/wp-json\/wp\/v2\/users\/2"}],"replies":[{"embeddable":true,"href":"https:\/\/tvc16.com\/portal\/wp-json\/wp\/v2\/comments?post=10299"}],"version-history":[{"count":1,"href":"https:\/\/tvc16.com\/portal\/wp-json\/wp\/v2\/posts\/10299\/revisions"}],"predecessor-version":[{"id":10301,"href":"https:\/\/tvc16.com\/portal\/wp-json\/wp\/v2\/posts\/10299\/revisions\/10301"}],"wp:featuredmedia":[{"embeddable":true,"href":"https:\/\/tvc16.com\/portal\/wp-json\/wp\/v2\/media\/10300"}],"wp:attachment":[{"href":"https:\/\/tvc16.com\/portal\/wp-json\/wp\/v2\/media?parent=10299"}],"wp:term":[{"taxonomy":"category","embeddable":true,"href":"https:\/\/tvc16.com\/portal\/wp-json\/wp\/v2\/categories?post=10299"},{"taxonomy":"post_tag","embeddable":true,"href":"https:\/\/tvc16.com\/portal\/wp-json\/wp\/v2\/tags?post=10299"}],"curies":[{"name":"wp","href":"https:\/\/api.w.org\/{rel}","templated":true}]}}