{"id":102991,"date":"2025-04-23T08:54:39","date_gmt":"2025-04-23T11:54:39","guid":{"rendered":"https:\/\/tvc16.com\/portal\/?p=102991"},"modified":"2025-04-23T08:54:39","modified_gmt":"2025-04-23T11:54:39","slug":"petropolis-rj-obtem-o-reconhecimento-federal-de-situacao-de-emergencia-por-queda-de-rochas","status":"publish","type":"post","link":"https:\/\/tvc16.com\/portal\/2025\/04\/23\/petropolis-rj-obtem-o-reconhecimento-federal-de-situacao-de-emergencia-por-queda-de-rochas\/","title":{"rendered":"Petr\u00f3polis (RJ) obt\u00e9m o reconhecimento federal de situa\u00e7\u00e3o de emerg\u00eancia por queda de rochas"},"content":{"rendered":"\n<p><em>Com a medida, munic\u00edpio est\u00e1 apto a solicitar recursos do Governo Federal para a\u00e7\u00f5es de defesa civil\u00a0<\/em><\/p>\n\n\n\n<p>O Minist\u00e9rio da Integra\u00e7\u00e3o e do Desenvolvimento Regional (MIDR), por meio da Defesa Civil Nacional, reconheceu, nesta ter\u00e7a-feira (22), a situa\u00e7\u00e3o de emerg\u00eancia na cidade de Petr\u00f3polis, no Rio de Janeiro, atingida por queda de rochas. A portaria com o reconhecimento foi publicada no Di\u00e1rio Oficial da Uni\u00e3o (DOU). Confira mais detalhes abaixo.<\/p>\n\n\n\n<p>Agora, a prefeitura j\u00e1 pode solicitar recursos do Governo Federal para a\u00e7\u00f5es de defesa civil, como compra de cestas b\u00e1sicas, \u00e1gua mineral, refei\u00e7\u00e3o para trabalhadores e volunt\u00e1rios, kits de limpeza de resid\u00eancia, higiene pessoal e dormit\u00f3rio, entre outros.<\/p>\n\n\n\n<p>At\u00e9 o momento, o Rio de Janeiro tem sete reconhecimentos vigentes, dos quais quatro por chuvas intensas, um por frentes frias\/zonas de converg\u00eancia, um por inunda\u00e7\u00f5es e um por quedas, tombamentos e rolamentos-blocos.<br><br><strong>Como solicitar recursos<\/strong><\/p>\n\n\n\n<p>Cidades com o reconhecimento federal de situa\u00e7\u00e3o de emerg\u00eancia ou de estado de calamidade p\u00fablica podem solicitar ao MIDR recursos para a\u00e7\u00f5es de defesa civil. A solicita\u00e7\u00e3o pelos munic\u00edpios em situa\u00e7\u00e3o de emerg\u00eancia deve ser feita por meio do&nbsp;<a href=\"https:\/\/s2id.mi.gov.br\/\" target=\"_blank\" rel=\"noreferrer noopener\">Sistema Integrado de Informa\u00e7\u00f5es sobre Desastres (S2iD)<\/a>. Com base nas informa\u00e7\u00f5es enviadas nos planos de trabalho, a equipe t\u00e9cnica da Defesa Civil Nacional avalia as metas e os valores solicitados. Com a aprova\u00e7\u00e3o, \u00e9 publicada portaria no DOU com o valor a ser liberado.<br><br><strong>Capacita\u00e7\u00f5es da Defesa Civil Nacional<\/strong><br><br>A Defesa Civil Nacional tamb\u00e9m oferece uma s\u00e9rie de cursos a dist\u00e2ncia para capacitar e qualificar agentes municipais e estaduais no uso do S2iD. O objetivo \u00e9 preparar os profissionais das tr\u00eas esferas de governo para responderem de forma eficiente \u00e0s situa\u00e7\u00f5es de emerg\u00eancia. Confira&nbsp;<a href=\"https:\/\/www.gov.br\/mdr\/pt-br\/assuntos\/protecao-e-defesa-civil\/capacitacoes\/cursos-em-andamento\" target=\"_blank\" rel=\"noreferrer noopener\">aqui&nbsp;<\/a>a lista completa dos cursos.<\/p>\n","protected":false},"excerpt":{"rendered":"<p>Com a medida, munic\u00edpio est\u00e1 apto a solicitar recursos do Governo Federal para a\u00e7\u00f5es de<\/p>\n","protected":false},"author":2,"featured_media":30612,"comment_status":"open","ping_status":"open","sticky":false,"template":"","format":"standard","meta":{"footnotes":""},"categories":[12],"tags":[],"class_list":["post-102991","post","type-post","status-publish","format-standard","has-post-thumbnail","hentry","category-cidade"],"_links":{"self":[{"href":"https:\/\/tvc16.com\/portal\/wp-json\/wp\/v2\/posts\/102991","targetHints":{"allow":["GET"]}}],"collection":[{"href":"https:\/\/tvc16.com\/portal\/wp-json\/wp\/v2\/posts"}],"about":[{"href":"https:\/\/tvc16.com\/portal\/wp-json\/wp\/v2\/types\/post"}],"author":[{"embeddable":true,"href":"https:\/\/tvc16.com\/portal\/wp-json\/wp\/v2\/users\/2"}],"replies":[{"embeddable":true,"href":"https:\/\/tvc16.com\/portal\/wp-json\/wp\/v2\/comments?post=102991"}],"version-history":[{"count":1,"href":"https:\/\/tvc16.com\/portal\/wp-json\/wp\/v2\/posts\/102991\/revisions"}],"predecessor-version":[{"id":102992,"href":"https:\/\/tvc16.com\/portal\/wp-json\/wp\/v2\/posts\/102991\/revisions\/102992"}],"wp:featuredmedia":[{"embeddable":true,"href":"https:\/\/tvc16.com\/portal\/wp-json\/wp\/v2\/media\/30612"}],"wp:attachment":[{"href":"https:\/\/tvc16.com\/portal\/wp-json\/wp\/v2\/media?parent=102991"}],"wp:term":[{"taxonomy":"category","embeddable":true,"href":"https:\/\/tvc16.com\/portal\/wp-json\/wp\/v2\/categories?post=102991"},{"taxonomy":"post_tag","embeddable":true,"href":"https:\/\/tvc16.com\/portal\/wp-json\/wp\/v2\/tags?post=102991"}],"curies":[{"name":"wp","href":"https:\/\/api.w.org\/{rel}","templated":true}]}}