{"id":102994,"date":"2025-04-26T06:00:00","date_gmt":"2025-04-26T09:00:00","guid":{"rendered":"https:\/\/tvc16.com\/portal\/?p=102994"},"modified":"2025-04-24T08:09:01","modified_gmt":"2025-04-24T11:09:01","slug":"exposicao-maes-extraordinarias-chega-a-itaipava-no-dia-30-de-abril-em-homenagem-ao-mes-das-maes","status":"publish","type":"post","link":"https:\/\/tvc16.com\/portal\/2025\/04\/26\/exposicao-maes-extraordinarias-chega-a-itaipava-no-dia-30-de-abril-em-homenagem-ao-mes-das-maes\/","title":{"rendered":"Exposi\u00e7\u00e3o &#8220;M\u00e3es Extraordin\u00e1rias&#8221; chega \u00e0 Itaipava no dia 30 de abril em homenagem ao m\u00eas das m\u00e3es"},"content":{"rendered":"\n<p>Ser m\u00e3e \u00e9 desafiar o mundo todos os dias, com coragem, entrega e amor. Em homenagem ao m\u00eas das m\u00e3es, a exposi\u00e7\u00e3o \u201cM\u00e3es Extraordin\u00e1rias\u201d chega para dar visibilidade a hist\u00f3rias reais de mulheres que vivem maternidades fora do padr\u00e3o romantizado. O projeto fotogr\u00e1fico idealizado por Bel Acosta re\u00fane retratos e relatos que ressignificam o ser m\u00e3e em tempos contempor\u00e2neos, e poder\u00e1 ser visitado entre os dias 30 de abril e 18 de maio, na Pra\u00e7a da Lua do Shopping Vilarejo.<\/p>\n\n\n\n<p>Mais do que retratos, as imagens da exposi\u00e7\u00e3o carregam narrativas de coragem, dor, supera\u00e7\u00e3o e amor. As personagens compartilham viv\u00eancias marcadas por maternidades at\u00edpicas, como o cuidado com filhos com defici\u00eancias, o processo de acolhimento de filhos transexuais e tamb\u00e9m hist\u00f3rias atravessadas por viol\u00eancia dom\u00e9stica e desigualdades sociais. A proposta \u00e9 promover, atrav\u00e9s da arte, um espa\u00e7o de acolhimento e reflex\u00e3o.<\/p>\n\n\n\n<p>\u201cA maternidade ainda \u00e9 cercada de romantiza\u00e7\u00f5es que n\u00e3o d\u00e3o conta das m\u00faltiplas realidades enfrentadas pelas mulheres. Este projeto nasceu da escuta e do desejo profundo de colocar essas hist\u00f3rias no centro. S\u00e3o m\u00e3es que ensinam, transformam e desafiam estruturas\u201d, afirma Bel Acosta, fot\u00f3grafa e idealizadora do projeto.<\/p>\n\n\n\n<p>Com uma abordagem po\u00e9tica e sens\u00edvel, a exposi\u00e7\u00e3o convida o p\u00fablico a mergulhar em diferentes experi\u00eancias, ampliando o olhar sobre o que \u00e9 \u2014 e o que pode ser \u2014 a maternidade nos dias de hoje. No dia 17 de maio, a programa\u00e7\u00e3o contar\u00e1 com uma exibi\u00e7\u00e3o do document\u00e1rio \u201cM\u00e3es Extraordin\u00e1rias\u201d, \u00e0s 15h, seguida da roda de conversa \u201cMulheres transformadas para transformar \u2013 a maternidade e seu valor no centro do mundo\u201d, \u00e0s 16h. O encontro ser\u00e1 um convite ao di\u00e1logo, \u00e0 escuta ativa e ao fortalecimento das redes de apoio entre mulheres.<\/p>\n\n\n\n<p>Para o administrador do Shopping Vilarejo, Tiago Corr\u00eaa, receber a exposi\u00e7\u00e3o \u00e9 tamb\u00e9m uma forma de reconhecer e valorizar as trajet\u00f3rias dessas mulheres. \u201cO projeto M\u00e3es Extraordin\u00e1rias emociona porque fala de amor, dor, resist\u00eancia e humanidade. \u00c9 um presente para todos que passarem por aqui durante o m\u00eas das m\u00e3es, e uma forma de homenagear n\u00e3o s\u00f3 as m\u00e3es, mas tamb\u00e9m as mulheres que reinventam a vida todos os dias\u201d, afirma Tiago.<\/p>\n\n\n\n<p><\/p>\n\n\n\n<figure class=\"wp-block-gallery has-nested-images columns-default is-cropped wp-block-gallery-1 is-layout-flex wp-block-gallery-is-layout-flex\">\n<figure class=\"wp-block-image size-large\"><img loading=\"lazy\" decoding=\"async\" width=\"1024\" height=\"683\" data-id=\"102997\" src=\"https:\/\/tvc16.com\/portal\/wp-content\/uploads\/2025\/04\/Exposicao-Maes-Extraordinarias-Foto-Bel-Acosta-2-1024x683.jpg\" alt=\"\" class=\"wp-image-102997\" srcset=\"https:\/\/tvc16.com\/portal\/wp-content\/uploads\/2025\/04\/Exposicao-Maes-Extraordinarias-Foto-Bel-Acosta-2-1024x683.jpg 1024w, https:\/\/tvc16.com\/portal\/wp-content\/uploads\/2025\/04\/Exposicao-Maes-Extraordinarias-Foto-Bel-Acosta-2-300x200.jpg 300w, https:\/\/tvc16.com\/portal\/wp-content\/uploads\/2025\/04\/Exposicao-Maes-Extraordinarias-Foto-Bel-Acosta-2-768x512.jpg 768w, https:\/\/tvc16.com\/portal\/wp-content\/uploads\/2025\/04\/Exposicao-Maes-Extraordinarias-Foto-Bel-Acosta-2-900x600.jpg 900w, https:\/\/tvc16.com\/portal\/wp-content\/uploads\/2025\/04\/Exposicao-Maes-Extraordinarias-Foto-Bel-Acosta-2.jpg 1280w\" sizes=\"auto, (max-width: 1024px) 100vw, 1024px\" \/><\/figure>\n\n\n\n<figure class=\"wp-block-image size-large\"><img loading=\"lazy\" decoding=\"async\" width=\"1024\" height=\"794\" data-id=\"102999\" src=\"https:\/\/tvc16.com\/portal\/wp-content\/uploads\/2025\/04\/Exposicao-Maes-Extraordinarias-Foto-Bel-Acosta-3-1024x794.jpg\" alt=\"\" class=\"wp-image-102999\" srcset=\"https:\/\/tvc16.com\/portal\/wp-content\/uploads\/2025\/04\/Exposicao-Maes-Extraordinarias-Foto-Bel-Acosta-3-1024x794.jpg 1024w, https:\/\/tvc16.com\/portal\/wp-content\/uploads\/2025\/04\/Exposicao-Maes-Extraordinarias-Foto-Bel-Acosta-3-300x233.jpg 300w, https:\/\/tvc16.com\/portal\/wp-content\/uploads\/2025\/04\/Exposicao-Maes-Extraordinarias-Foto-Bel-Acosta-3-768x596.jpg 768w, https:\/\/tvc16.com\/portal\/wp-content\/uploads\/2025\/04\/Exposicao-Maes-Extraordinarias-Foto-Bel-Acosta-3.jpg 1280w\" sizes=\"auto, (max-width: 1024px) 100vw, 1024px\" \/><\/figure>\n\n\n\n<figure class=\"wp-block-image size-large\"><img loading=\"lazy\" decoding=\"async\" width=\"1024\" height=\"683\" data-id=\"102996\" src=\"https:\/\/tvc16.com\/portal\/wp-content\/uploads\/2025\/04\/Exposicao-Maes-Extraordinarias-Foto-Bel-Acosta-4-1024x683.jpg\" alt=\"\" class=\"wp-image-102996\" srcset=\"https:\/\/tvc16.com\/portal\/wp-content\/uploads\/2025\/04\/Exposicao-Maes-Extraordinarias-Foto-Bel-Acosta-4-1024x683.jpg 1024w, https:\/\/tvc16.com\/portal\/wp-content\/uploads\/2025\/04\/Exposicao-Maes-Extraordinarias-Foto-Bel-Acosta-4-300x200.jpg 300w, https:\/\/tvc16.com\/portal\/wp-content\/uploads\/2025\/04\/Exposicao-Maes-Extraordinarias-Foto-Bel-Acosta-4-768x512.jpg 768w, https:\/\/tvc16.com\/portal\/wp-content\/uploads\/2025\/04\/Exposicao-Maes-Extraordinarias-Foto-Bel-Acosta-4-900x600.jpg 900w, https:\/\/tvc16.com\/portal\/wp-content\/uploads\/2025\/04\/Exposicao-Maes-Extraordinarias-Foto-Bel-Acosta-4.jpg 1280w\" sizes=\"auto, (max-width: 1024px) 100vw, 1024px\" \/><\/figure>\n\n\n\n<figure class=\"wp-block-image size-large\"><img loading=\"lazy\" decoding=\"async\" width=\"1024\" height=\"683\" data-id=\"103000\" src=\"https:\/\/tvc16.com\/portal\/wp-content\/uploads\/2025\/04\/Exposicao-Maes-Extraordinarias-Foto-Bel-Acosta-5-1024x683.jpg\" alt=\"\" class=\"wp-image-103000\" srcset=\"https:\/\/tvc16.com\/portal\/wp-content\/uploads\/2025\/04\/Exposicao-Maes-Extraordinarias-Foto-Bel-Acosta-5-1024x683.jpg 1024w, https:\/\/tvc16.com\/portal\/wp-content\/uploads\/2025\/04\/Exposicao-Maes-Extraordinarias-Foto-Bel-Acosta-5-300x200.jpg 300w, https:\/\/tvc16.com\/portal\/wp-content\/uploads\/2025\/04\/Exposicao-Maes-Extraordinarias-Foto-Bel-Acosta-5-768x512.jpg 768w, https:\/\/tvc16.com\/portal\/wp-content\/uploads\/2025\/04\/Exposicao-Maes-Extraordinarias-Foto-Bel-Acosta-5-900x600.jpg 900w, https:\/\/tvc16.com\/portal\/wp-content\/uploads\/2025\/04\/Exposicao-Maes-Extraordinarias-Foto-Bel-Acosta-5.jpg 1280w\" sizes=\"auto, (max-width: 1024px) 100vw, 1024px\" \/><\/figure>\n\n\n\n<figure class=\"wp-block-image size-large\"><img loading=\"lazy\" decoding=\"async\" width=\"1024\" height=\"683\" data-id=\"103001\" src=\"https:\/\/tvc16.com\/portal\/wp-content\/uploads\/2025\/04\/Exposicao-Maes-Extraordinarias-Foto-Bel-Acosta-6-1-1024x683.jpg\" alt=\"\" class=\"wp-image-103001\" srcset=\"https:\/\/tvc16.com\/portal\/wp-content\/uploads\/2025\/04\/Exposicao-Maes-Extraordinarias-Foto-Bel-Acosta-6-1-1024x683.jpg 1024w, https:\/\/tvc16.com\/portal\/wp-content\/uploads\/2025\/04\/Exposicao-Maes-Extraordinarias-Foto-Bel-Acosta-6-1-300x200.jpg 300w, https:\/\/tvc16.com\/portal\/wp-content\/uploads\/2025\/04\/Exposicao-Maes-Extraordinarias-Foto-Bel-Acosta-6-1-768x512.jpg 768w, https:\/\/tvc16.com\/portal\/wp-content\/uploads\/2025\/04\/Exposicao-Maes-Extraordinarias-Foto-Bel-Acosta-6-1-900x600.jpg 900w, https:\/\/tvc16.com\/portal\/wp-content\/uploads\/2025\/04\/Exposicao-Maes-Extraordinarias-Foto-Bel-Acosta-6-1.jpg 1280w\" sizes=\"auto, (max-width: 1024px) 100vw, 1024px\" \/><\/figure>\n\n\n\n<figure class=\"wp-block-image size-large\"><img loading=\"lazy\" decoding=\"async\" width=\"1024\" height=\"706\" data-id=\"103002\" src=\"https:\/\/tvc16.com\/portal\/wp-content\/uploads\/2025\/04\/Exposicao-Maes-Extraordinarias-Foto-Bel-Acosta-7-1024x706.jpg\" alt=\"\" class=\"wp-image-103002\" srcset=\"https:\/\/tvc16.com\/portal\/wp-content\/uploads\/2025\/04\/Exposicao-Maes-Extraordinarias-Foto-Bel-Acosta-7-1024x706.jpg 1024w, https:\/\/tvc16.com\/portal\/wp-content\/uploads\/2025\/04\/Exposicao-Maes-Extraordinarias-Foto-Bel-Acosta-7-300x207.jpg 300w, https:\/\/tvc16.com\/portal\/wp-content\/uploads\/2025\/04\/Exposicao-Maes-Extraordinarias-Foto-Bel-Acosta-7-768x529.jpg 768w, https:\/\/tvc16.com\/portal\/wp-content\/uploads\/2025\/04\/Exposicao-Maes-Extraordinarias-Foto-Bel-Acosta-7.jpg 1280w\" sizes=\"auto, (max-width: 1024px) 100vw, 1024px\" \/><\/figure>\n\n\n\n<figure class=\"wp-block-image size-large\"><img loading=\"lazy\" decoding=\"async\" width=\"1024\" height=\"683\" data-id=\"102998\" src=\"https:\/\/tvc16.com\/portal\/wp-content\/uploads\/2025\/04\/Exposicao-Maes-Extraordinarias-Foto-Bel-Acosta-8-1024x683.jpg\" alt=\"\" class=\"wp-image-102998\" srcset=\"https:\/\/tvc16.com\/portal\/wp-content\/uploads\/2025\/04\/Exposicao-Maes-Extraordinarias-Foto-Bel-Acosta-8-1024x683.jpg 1024w, https:\/\/tvc16.com\/portal\/wp-content\/uploads\/2025\/04\/Exposicao-Maes-Extraordinarias-Foto-Bel-Acosta-8-300x200.jpg 300w, https:\/\/tvc16.com\/portal\/wp-content\/uploads\/2025\/04\/Exposicao-Maes-Extraordinarias-Foto-Bel-Acosta-8-768x512.jpg 768w, https:\/\/tvc16.com\/portal\/wp-content\/uploads\/2025\/04\/Exposicao-Maes-Extraordinarias-Foto-Bel-Acosta-8-900x600.jpg 900w, https:\/\/tvc16.com\/portal\/wp-content\/uploads\/2025\/04\/Exposicao-Maes-Extraordinarias-Foto-Bel-Acosta-8.jpg 1280w\" sizes=\"auto, (max-width: 1024px) 100vw, 1024px\" \/><\/figure>\n<\/figure>\n\n\n\n<p><\/p>\n\n\n\n<p><strong>Servi\u00e7o:<\/strong><\/p>\n\n\n\n<p><strong>Exposi\u00e7\u00e3o \u201cM\u00e3es Extraordin\u00e1rias\u201d<\/strong>&nbsp;<strong><\/strong><strong><\/strong><\/p>\n\n\n\n<p><strong><\/strong><strong>&nbsp;Data:<\/strong>&nbsp;30 de abril at\u00e9 18 de maio<\/p>\n\n\n\n<p><strong><\/strong><strong>&nbsp;Hor\u00e1rio:&nbsp;<\/strong>Durante o funcionamento do Shopping<br><img decoding=\"async\" alt=\"\ud83c\udf9f\" src=\"https:\/\/fonts.gstatic.com\/s\/e\/notoemoji\/16.0\/1f39f\/32.png\">&nbsp;Evento gratuito<\/p>\n\n\n\n<p><strong>Exibi\u00e7\u00e3o de document\u00e1rio + Roda de Conversa<\/strong>&nbsp;<strong><\/strong><strong><\/strong><\/p>\n\n\n\n<p><img decoding=\"async\" alt=\"\ud83d\udcc5\" src=\"https:\/\/fonts.gstatic.com\/s\/e\/notoemoji\/16.0\/1f4c5\/32.png\">&nbsp;<strong>Data<\/strong>: 17 de maio<\/p>\n\n\n\n<p><img decoding=\"async\" alt=\"\ud83d\udd52\" src=\"https:\/\/fonts.gstatic.com\/s\/e\/notoemoji\/16.0\/1f552\/32.png\"><strong>&nbsp;Hor\u00e1rio:&nbsp;<\/strong>A partir das 15h<\/p>\n\n\n\n<p><img decoding=\"async\" alt=\"\ud83c\udf9f\" src=\"https:\/\/fonts.gstatic.com\/s\/e\/notoemoji\/16.0\/1f39f\/32.png\">&nbsp;Evento gratuito<\/p>\n\n\n\n<p><strong><\/strong><strong>&nbsp;Local:<\/strong>&nbsp;Pra\u00e7a do Sol \u2013 Shopping Vilarejo (Estrada Uni\u00e3o e Ind\u00fastria, 10.035 \u2013 Itaipava)<\/p>\n\n\n\n<p><img decoding=\"async\" src=\"https:\/\/fonts.gstatic.com\/s\/e\/notoemoji\/16.0\/1f4f2\/32.png\" alt=\"\ud83d\udcf2\">&nbsp;Mais informa\u00e7\u00f5es: @shoppingvilarejo<\/p>\n","protected":false},"excerpt":{"rendered":"<p>Ser m\u00e3e \u00e9 desafiar o mundo todos os dias, com coragem, entrega e amor. Em<\/p>\n","protected":false},"author":2,"featured_media":102995,"comment_status":"open","ping_status":"open","sticky":false,"template":"","format":"standard","meta":{"footnotes":""},"categories":[12],"tags":[],"class_list":["post-102994","post","type-post","status-publish","format-standard","has-post-thumbnail","hentry","category-cidade"],"_links":{"self":[{"href":"https:\/\/tvc16.com\/portal\/wp-json\/wp\/v2\/posts\/102994","targetHints":{"allow":["GET"]}}],"collection":[{"href":"https:\/\/tvc16.com\/portal\/wp-json\/wp\/v2\/posts"}],"about":[{"href":"https:\/\/tvc16.com\/portal\/wp-json\/wp\/v2\/types\/post"}],"author":[{"embeddable":true,"href":"https:\/\/tvc16.com\/portal\/wp-json\/wp\/v2\/users\/2"}],"replies":[{"embeddable":true,"href":"https:\/\/tvc16.com\/portal\/wp-json\/wp\/v2\/comments?post=102994"}],"version-history":[{"count":2,"href":"https:\/\/tvc16.com\/portal\/wp-json\/wp\/v2\/posts\/102994\/revisions"}],"predecessor-version":[{"id":103050,"href":"https:\/\/tvc16.com\/portal\/wp-json\/wp\/v2\/posts\/102994\/revisions\/103050"}],"wp:featuredmedia":[{"embeddable":true,"href":"https:\/\/tvc16.com\/portal\/wp-json\/wp\/v2\/media\/102995"}],"wp:attachment":[{"href":"https:\/\/tvc16.com\/portal\/wp-json\/wp\/v2\/media?parent=102994"}],"wp:term":[{"taxonomy":"category","embeddable":true,"href":"https:\/\/tvc16.com\/portal\/wp-json\/wp\/v2\/categories?post=102994"},{"taxonomy":"post_tag","embeddable":true,"href":"https:\/\/tvc16.com\/portal\/wp-json\/wp\/v2\/tags?post=102994"}],"curies":[{"name":"wp","href":"https:\/\/api.w.org\/{rel}","templated":true}]}}