{"id":1030,"date":"2020-09-23T12:52:58","date_gmt":"2020-09-23T12:52:58","guid":{"rendered":"https:\/\/tvc16.com\/portal\/?p=1030"},"modified":"2020-09-23T12:52:58","modified_gmt":"2020-09-23T12:52:58","slug":"programa-de-testes-covid-19-da-firjan-sesi-para-trabalhadores-da-industria-e-prorrogado-ate-o-fim-do-ano","status":"publish","type":"post","link":"https:\/\/tvc16.com\/portal\/2020\/09\/23\/programa-de-testes-covid-19-da-firjan-sesi-para-trabalhadores-da-industria-e-prorrogado-ate-o-fim-do-ano\/","title":{"rendered":"Programa de testes Covid-19 da Firjan SESI para trabalhadores da ind\u00fastria \u00e9 prorrogado at\u00e9 o fim do ano"},"content":{"rendered":"\n<p>Petr\u00f3polis \u00e9 o 3\u00ba munic\u00edpio fluminense com mais testes realizados. Servi\u00e7o \u00e9 gratuito para micro e pequenas ind\u00fastrias com at\u00e9 100 empregados<\/p>\n\n\n\n<p>Para contribuir no enfrentamento ao novo coronav\u00edrus e ajudar no diagn\u00f3stico da doen\u00e7a, a Firjan SESI prorrogou o programa de Testes Covid-19 para trabalhadores da ind\u00fastria at\u00e9 o fim do ano. Em Petr\u00f3polis, 1.976 colaboradores de 70 empresas j\u00e1 foram testados, o que faz da cidade a terceira com mais testes. Em todo o Estado do Rio, 27 mil testes j\u00e1 foram realizados.<\/p>\n\n\n\n<p>O servi\u00e7o \u00e9 exclusivo para os trabalhadores da ind\u00fastria, via solicita\u00e7\u00e3o de pessoa jur\u00eddica, n\u00e3o extensivo aos dependentes, em virtude da prioriza\u00e7\u00e3o do atendimento \u00e0 cadeia produtiva da ind\u00fastria fluminense. As solicita\u00e7\u00f5es podem ser feitas pelo link https:\/\/bit.ly\/32BMWZi.<\/p>\n\n\n\n<p>Para micro e pequenas ind\u00fastrias, com at\u00e9 100 empregados, o servi\u00e7o \u00e9 oferecido de forma gratuita. Para as demais empresas, os testes saem a pre\u00e7o de custo. Para m\u00e9dias ind\u00fastrias, com at\u00e9 500 empregados, o pagamento \u00e9 de R$ 96 por teste; e para grandes ind\u00fastrias, com mais de 500 empregados, o valor \u00e9 de R$ 125. O servi\u00e7o \u00e9 executado pelo Centro de Inova\u00e7\u00e3o SESI Higiene Ocupacional (CIS HO) em parceria com a UFRJ.<\/p>\n\n\n\n<figure class=\"wp-block-image size-medium\"><img loading=\"lazy\" decoding=\"async\" width=\"300\" height=\"200\" src=\"https:\/\/tvc16.com\/portal\/wp-content\/uploads\/2020\/09\/WhatsApp-Image-2020-09-23-at-09.49.55-300x200.jpeg\" alt=\"\" class=\"wp-image-1032\" srcset=\"https:\/\/tvc16.com\/portal\/wp-content\/uploads\/2020\/09\/WhatsApp-Image-2020-09-23-at-09.49.55-300x200.jpeg 300w, https:\/\/tvc16.com\/portal\/wp-content\/uploads\/2020\/09\/WhatsApp-Image-2020-09-23-at-09.49.55-1024x682.jpeg 1024w, https:\/\/tvc16.com\/portal\/wp-content\/uploads\/2020\/09\/WhatsApp-Image-2020-09-23-at-09.49.55-768x512.jpeg 768w, https:\/\/tvc16.com\/portal\/wp-content\/uploads\/2020\/09\/WhatsApp-Image-2020-09-23-at-09.49.55-900x600.jpeg 900w, https:\/\/tvc16.com\/portal\/wp-content\/uploads\/2020\/09\/WhatsApp-Image-2020-09-23-at-09.49.55.jpeg 1280w\" sizes=\"auto, (max-width: 300px) 100vw, 300px\" \/><\/figure>\n\n\n\n<p>De acordo com o presidente da Firjan Serrana, J\u00falio Talon, o programa de testes contribui para que as ind\u00fastrias e os \u00f3rg\u00e3os de sa\u00fade do munic\u00edpio tracem estrat\u00e9gias de controle a partir das informa\u00e7\u00f5es geradas nos resultados. \u201cA retomada das atividades deve ser realizada de forma segura para evitar que os casos aumentem exponencialmente e que novos fechamentos sejam determinados. A realiza\u00e7\u00e3o dos testes, juntamente com outras pr\u00e1ticas de preven\u00e7\u00e3o, como a higieniza\u00e7\u00e3o, prote\u00e7\u00e3o individual e afastamento, s\u00e3o as melhores formas de conter o avan\u00e7o da doen\u00e7a\u201d, diz.<\/p>\n\n\n\n<p>O programa contempla desde a coleta das amostras, an\u00e1lise laboratorial e gest\u00e3o m\u00e9dica dos resultados por meio da equipe de profissionais da \u00e1rea de medicina ocupacional da Firjan SESI. A a\u00e7\u00e3o \u00e9 uma parceria com a UFRJ.<\/p>\n\n\n\n<p>O m\u00e9todo do teste molecular RT-PCR realizado pela Firjan SESI \u00e9 feito a partir da coleta de secre\u00e7\u00e3o da garganta e das narinas, sem procedimento invasivo, de f\u00e1cil coleta e com capacidade de identifica\u00e7\u00e3o do v\u00edrus antes mesmo do aparecimento dos sintomas. A contrata\u00e7\u00e3o desse servi\u00e7o \u00e9 indicada para as ind\u00fastrias que mant\u00eam seu processo produtivo operando com trabalhadores de forma presencial.<\/p>\n\n\n\n<p>Orienta\u00e7\u00f5es e cuidados para a retomada<\/p>\n\n\n\n<p>Apesar de passados alguns meses, a retomada da atividade econ\u00f4mica ainda tem exigido uma s\u00e9rie de adapta\u00e7\u00f5es das empresas: distanciamento dos trabalhadores; ades\u00e3o as normas e de higiene e biosseguran\u00e7a e boas pr\u00e1ticas para a preven\u00e7\u00e3o da Covid-19.<\/p>\n\n\n\n<p>Para orientar os diversos setores da ind\u00fastria na retomada, a Firjan elaborou conte\u00fados relevantes produzidos e divulgados como cartilhas de sa\u00fade e lives tend\u00eancias para empres\u00e1rios. Destaque especial para o Guia de Retomada Segura das Atividades Industriais, com medidas pr\u00e1ticas para preven\u00e7\u00e3o \u00e0 Covid-19. O documento pode ser acessado no link https:\/\/bit.ly\/32Em5vJ.<\/p>\n\n\n\n<p>O Guia oferece diretrizes para a volta da produtividade plena com a preserva\u00e7\u00e3o de empregos e a constru\u00e7\u00e3o de um novo ambiente, seguindo informa\u00e7\u00f5es da Organiza\u00e7\u00e3o Internacional do Trabalho (OIT), recomenda\u00e7\u00f5es feitas pela Organiza\u00e7\u00e3o Mundial de Sa\u00fade (OMS), al\u00e9m de um conjunto de medidas trabalhistas adotadas pelo governo brasileiro.<\/p>\n\n\n\n<p>Outra iniciativa da Firjan SESI para ajudar as empresas na retomada segura das atividades \u00e9 o Curso gratuito Boas Pr\u00e1ticas de Sa\u00fade e Seguran\u00e7a do Trabalho EAD para preven\u00e7\u00e3o \u00e0 Covid-19. O curso aborda tem\u00e1ticas como boas pr\u00e1ticas de preven\u00e7\u00e3o e prote\u00e7\u00e3o aos trabalhadores, utiliza\u00e7\u00e3o de protocolos para controle de acesso, higieniza\u00e7\u00e3o e limpeza de uniformes e EPIs, medidas de distanciamento m\u00ednimo em filas e entre postos de trabalho, entre outros assuntos.<\/p>\n\n\n\n<p>A forma\u00e7\u00e3o \u00e9 indicada para gestores e equipes, com o intuito de conscientizar todo o ambiente corporativo e social, al\u00e9m de proporcionar o conhecimento das medidas administrativas e adequa\u00e7\u00f5es necess\u00e1rias. Interessados podem participar do curso atrav\u00e9s do endere\u00e7o https:\/\/bit.ly\/2HaYWZt.<\/p>\n","protected":false},"excerpt":{"rendered":"<p>Petr\u00f3polis \u00e9 o 3\u00ba munic\u00edpio fluminense com mais testes realizados. Servi\u00e7o \u00e9 gratuito para micro<\/p>\n","protected":false},"author":2,"featured_media":1031,"comment_status":"open","ping_status":"open","sticky":false,"template":"","format":"standard","meta":{"footnotes":""},"categories":[12],"tags":[],"class_list":["post-1030","post","type-post","status-publish","format-standard","has-post-thumbnail","hentry","category-cidade"],"_links":{"self":[{"href":"https:\/\/tvc16.com\/portal\/wp-json\/wp\/v2\/posts\/1030","targetHints":{"allow":["GET"]}}],"collection":[{"href":"https:\/\/tvc16.com\/portal\/wp-json\/wp\/v2\/posts"}],"about":[{"href":"https:\/\/tvc16.com\/portal\/wp-json\/wp\/v2\/types\/post"}],"author":[{"embeddable":true,"href":"https:\/\/tvc16.com\/portal\/wp-json\/wp\/v2\/users\/2"}],"replies":[{"embeddable":true,"href":"https:\/\/tvc16.com\/portal\/wp-json\/wp\/v2\/comments?post=1030"}],"version-history":[{"count":1,"href":"https:\/\/tvc16.com\/portal\/wp-json\/wp\/v2\/posts\/1030\/revisions"}],"predecessor-version":[{"id":1033,"href":"https:\/\/tvc16.com\/portal\/wp-json\/wp\/v2\/posts\/1030\/revisions\/1033"}],"wp:featuredmedia":[{"embeddable":true,"href":"https:\/\/tvc16.com\/portal\/wp-json\/wp\/v2\/media\/1031"}],"wp:attachment":[{"href":"https:\/\/tvc16.com\/portal\/wp-json\/wp\/v2\/media?parent=1030"}],"wp:term":[{"taxonomy":"category","embeddable":true,"href":"https:\/\/tvc16.com\/portal\/wp-json\/wp\/v2\/categories?post=1030"},{"taxonomy":"post_tag","embeddable":true,"href":"https:\/\/tvc16.com\/portal\/wp-json\/wp\/v2\/tags?post=1030"}],"curies":[{"name":"wp","href":"https:\/\/api.w.org\/{rel}","templated":true}]}}