{"id":103010,"date":"2025-04-24T06:00:00","date_gmt":"2025-04-24T09:00:00","guid":{"rendered":"https:\/\/tvc16.com\/portal\/?p=103010"},"modified":"2025-04-23T11:02:30","modified_gmt":"2025-04-23T14:02:30","slug":"praca-dos-3-poderes-sera-reformada-ate-o-ano-que-vem","status":"publish","type":"post","link":"https:\/\/tvc16.com\/portal\/2025\/04\/24\/praca-dos-3-poderes-sera-reformada-ate-o-ano-que-vem\/","title":{"rendered":"Pra\u00e7a dos 3 Poderes ser\u00e1 reformada at\u00e9 o ano que vem"},"content":{"rendered":"\n<p><em>Reforma foi anunciada pelo Iphan e o governo do Distrito Federal<\/em><\/p>\n\n\n\n<p>Por Luiz Claudio Ferreira &#8211; Rep\u00f3rter da Ag\u00eancia Brasil \/ Foto: Valter Campanato\/Ag\u00eancia Brasil<\/p>\n\n\n\n<p><\/p>\n\n\n\n<p>\u201cEla \u00e9 como minha m\u00e3e\u201d. A \u201cfilha\u201d \u00e9 a vendedora de artesanato Raimunda Rodrigues, de 63 anos, que diz ter uma rela\u00e7\u00e3o de afeto com a Pra\u00e7a dos Tr\u00eas Poderes. Trata-se do cen\u00e1rio de trabalho dela h\u00e1 mais de quatro d\u00e9cadas, L\u00e1, oferece aos visitantes miniaturas de est\u00e1tuas ou monumentos, como \u201cOs Candangos\u201d.&nbsp;<img decoding=\"async\" src=\"https:\/\/agenciabrasil.ebc.com.br\/ebc.png?id=1639880&amp;o=node\"><img decoding=\"async\" src=\"https:\/\/agenciabrasil.ebc.com.br\/ebc.gif?id=1639880&amp;o=node\"><\/p>\n\n\n\n<p>Como conhecedora do local, que deu a ela o sustento, entende que \u00e9 necess\u00e1rio melhorar a estrutura da pra\u00e7a mais famosa do Brasil para que mais gente escolha o lugar, que fica no encontro do Pal\u00e1cio do Planalto, do Congresso e do Supremo Tribunal Federal,&nbsp;como passeio p\u00fablico.<\/p>\n\n\n\n<h2 class=\"wp-block-heading\">Projeto e obras<\/h2>\n\n\n\n<p><strong>Na ter\u00e7a-feira (22), representantes do Instituto do Patrim\u00f4nio Hist\u00f3rico e Art\u00edstico Nacional (Iphan) e do governo do Distrito Federal anunciaram parceria para o projeto (no valor de R$ 744,6 mil) e obra para revitalizar a pra\u00e7a em Bras\u00edlia<\/strong>, com estimativa de aproximadamente R$ 22 milh\u00f5es de custo no contexto do Programa de Acelera\u00e7\u00e3o do Crescimento (PAC).<\/p>\n\n\n\n<p>Esse valor seria captado por meio da Lei Rouanet (n\u00famero 8313\/1991). A previs\u00e3o \u00e9 que se o cronograma de obras for seguido, as obras sejam&nbsp;entregues no segundo semestre do ano que vem, com come\u00e7o previsto para julho deste ano.<\/p>\n\n\n\n<p><strong>Al\u00e9m da Pra\u00e7a dos Tr\u00eas Poderes, o Iphan anunciou a destina\u00e7\u00e3o de mais recursos do Novo PAC: R$ 500 mil para o desenvolvimento do projeto de restauro do Museu Vivo da Mem\u00f3ria Candanga e R$ 200 mil para o Catetinho, ambos em parceria com o GDF.<\/strong><\/p>\n\n\n\n<h2 class=\"wp-block-heading\">Seguran\u00e7a<\/h2>\n\n\n\n<p>\u201cPrecisamos que a Pra\u00e7a dos Tr\u00eas Poderes tenha essas adapta\u00e7\u00f5es, fluidez e que esteja segura\u201d, disse o presidente do Iphan, Leandro Grass. Em rela\u00e7\u00e3o \u00e0 seguran\u00e7a, a mem\u00f3ria dos ataques antidemocr\u00e1ticos do dia 8 de janeiro de 2033 foi informa\u00e7\u00e3o importante para a reforma do lugar.&nbsp;<\/p>\n\n\n\n<figure class=\"wp-block-image\"><img decoding=\"async\" src=\"https:\/\/imagens.ebc.com.br\/iBPzYMLgzXB7C7Jdb8nYB6CRsQ8=\/754x0\/smart\/https:\/\/agenciabrasil.ebc.com.br\/sites\/default\/files\/thumbnails\/image\/2025\/03\/25\/_mg_2289.jpg?itok=KA0z2PWb\" alt=\"Bras\u00edlia (DF), 25\/03\/2025 - Leandro Grass, presidente do Instituto do Patrim\u00f4nio Hist\u00f3rico e Art\u00edstico Nacional (IPHAN), participa do programa A Voz do Brasil. Foto: Bruno Peres\/Ag\u00eancia Brasil\" title=\"Bruno Peres\/Ag\u00eancia Brasil\"\/><\/figure>\n\n\n\n<h6 class=\"wp-block-heading\">O presidente do Iphan, Leandro Grass, diz que pra\u00e7a tem que ser para o povo &#8211;&nbsp;<strong>Foto Bruno Peres\/Ag\u00eancia Brasil\/Arquivo<\/strong><\/h6>\n\n\n\n<p>Os v\u00e2ndalos utilizaram as pedras portuguesas que fazem parte do piso da pra\u00e7a para atacar policiais que tentavam afastar as pessoas. \u201cEssa pra\u00e7a n\u00e3o pode ser campo de batalha, de guerra, ou&nbsp; de terrorismo. Tem que ser a pra\u00e7a para o povo\u201d.<\/p>\n\n\n\n<p><strong>Est\u00e3o inclu\u00eddas na reforma do local a recupera\u00e7\u00e3o completa do piso e das estruturas comprometidas, o restauro das obras de arte, a ilumina\u00e7\u00e3o da pra\u00e7a e dos monumentos, a acessibilidade para pessoas com defici\u00eancia, a melhoria da drenagem do local, da sinaliza\u00e7\u00e3o visual e tur\u00edstica e ainda a inclus\u00e3o de c\u00e2meras de seguran\u00e7a.<\/strong><\/p>\n\n\n\n<p>Est\u00e3o previstos novos bancos e coberturas de forma que o passeio n\u00e3o se encerre rapidamente nos dias muito quentes ou de chuva.&nbsp;<\/p>\n\n\n\n<p><strong>A defini\u00e7\u00e3o das prioridades, segundo os profissionais do Iphan, partiu de uma consulta p\u00fablica, da qual participaram&nbsp;mais de 100 cidad\u00e3os que pediram melhoria no local.<\/strong><\/p>\n\n\n\n<p>As obras que passar\u00e3o por restauro s\u00e3o a escultura \u201cOs Candangos\u201d, o Museu da Cidade, as hermas (esculturas) de Israel Pinheiro, de Juscelino Kubitschek e Tiradentes, o Pombal, o espa\u00e7o L\u00facio Costa e o Marco Bras\u00edlia.&nbsp;<\/p>\n\n\n\n<p>\u201cN\u00f3s queremos cidad\u00e3os e cidad\u00e3s tamb\u00e9m de outras regi\u00f5es do DF\u201d.&nbsp;<\/p>\n\n\n\n<h2 class=\"wp-block-heading\">Vazio<\/h2>\n\n\n\n<p>Na Pra\u00e7a dos Tr\u00eas Poderes, o casal carioca Andrea Louren\u00e7o, de 48 anos, e Gleifer Machado, de 45, estava encantado em andar na Pra\u00e7a dos Tr\u00eas Poderes, mas achou o lugar com pouco movimento.<\/p>\n\n\n\n<blockquote class=\"wp-block-quote is-layout-flow wp-block-quote-is-layout-flow\">\n<p>\u201cNesse lugar, que \u00e9 t\u00e3o importante para o pa\u00eds, esperava mais pessoas\u201d, disse a banc\u00e1ria. \u201cPensei que poderia ter mais estrutura mesmo para andar por aqui\u201d, afirmou&nbsp;o corretor de im\u00f3veis.&nbsp;&nbsp;<\/p>\n<\/blockquote>\n\n\n\n<p>Ao saber da previs\u00e3o da reforma da pra\u00e7a pela equipe de reportagem da&nbsp;<strong>Ag\u00eancia Brasil<\/strong>, disseram que, na pr\u00f3xima visita, esperam passear \u00e0 noite pelo local, at\u00e9 ouvir m\u00fasica ali,&nbsp;onde o sil\u00eancio s\u00f3 era quebrado pelo vai-e-vem dos carros e \u00f4nibus na regi\u00e3o central da capital.<br><\/p>\n","protected":false},"excerpt":{"rendered":"<p>Reforma foi anunciada pelo Iphan e o governo do Distrito Federal Por Luiz Claudio Ferreira<\/p>\n","protected":false},"author":2,"featured_media":103011,"comment_status":"open","ping_status":"open","sticky":false,"template":"","format":"standard","meta":{"footnotes":""},"categories":[17],"tags":[],"class_list":["post-103010","post","type-post","status-publish","format-standard","has-post-thumbnail","hentry","category-outras-noticias"],"_links":{"self":[{"href":"https:\/\/tvc16.com\/portal\/wp-json\/wp\/v2\/posts\/103010","targetHints":{"allow":["GET"]}}],"collection":[{"href":"https:\/\/tvc16.com\/portal\/wp-json\/wp\/v2\/posts"}],"about":[{"href":"https:\/\/tvc16.com\/portal\/wp-json\/wp\/v2\/types\/post"}],"author":[{"embeddable":true,"href":"https:\/\/tvc16.com\/portal\/wp-json\/wp\/v2\/users\/2"}],"replies":[{"embeddable":true,"href":"https:\/\/tvc16.com\/portal\/wp-json\/wp\/v2\/comments?post=103010"}],"version-history":[{"count":1,"href":"https:\/\/tvc16.com\/portal\/wp-json\/wp\/v2\/posts\/103010\/revisions"}],"predecessor-version":[{"id":103012,"href":"https:\/\/tvc16.com\/portal\/wp-json\/wp\/v2\/posts\/103010\/revisions\/103012"}],"wp:featuredmedia":[{"embeddable":true,"href":"https:\/\/tvc16.com\/portal\/wp-json\/wp\/v2\/media\/103011"}],"wp:attachment":[{"href":"https:\/\/tvc16.com\/portal\/wp-json\/wp\/v2\/media?parent=103010"}],"wp:term":[{"taxonomy":"category","embeddable":true,"href":"https:\/\/tvc16.com\/portal\/wp-json\/wp\/v2\/categories?post=103010"},{"taxonomy":"post_tag","embeddable":true,"href":"https:\/\/tvc16.com\/portal\/wp-json\/wp\/v2\/tags?post=103010"}],"curies":[{"name":"wp","href":"https:\/\/api.w.org\/{rel}","templated":true}]}}