{"id":103013,"date":"2025-04-23T11:10:22","date_gmt":"2025-04-23T14:10:22","guid":{"rendered":"https:\/\/tvc16.com\/portal\/?p=103013"},"modified":"2025-04-23T11:10:23","modified_gmt":"2025-04-23T14:10:23","slug":"cantor-dilsinho-treina-na-korper-itaipava-durante-feriado-na-serra","status":"publish","type":"post","link":"https:\/\/tvc16.com\/portal\/2025\/04\/23\/cantor-dilsinho-treina-na-korper-itaipava-durante-feriado-na-serra\/","title":{"rendered":"Cantor Dilsinho treina na K\u00f6rper Itaipava durante feriado na Serra"},"content":{"rendered":"\n<p>O cantor Dilsinho aproveitou o feriado prolongado para curtir o clima ameno da Serra em Itaipava, mas sem deixar de lado o cuidado com a sa\u00fade. Durante a passagem por Petr\u00f3polis, o artista escolheu a unidade da K\u00f6rper Academia em Itaipava para manter a rotina de treinos em dia.<\/p>\n\n\n\n<p>Simp\u00e1tico e atencioso, Dilsinho interagiu com os alunos e colaboradores da academia, posou para fotos e mostrou que o treino tamb\u00e9m faz parte de sua agenda \u2014 mesmo nos momentos de descanso.<\/p>\n\n\n\n<p>Nas redes sociais, a unidade celebrou a visita: \u201cOlha quem escolheu a K\u00f6rper Itaipava para cuidar da sa\u00fade e manter o shape em dia\u2026 O cantor Dilsinho marcou presen\u00e7a na nossa unidade e mostrou que treino tamb\u00e9m faz parte da rotina!\u201d<\/p>\n\n\n\n<p>A K\u00f6rper \u00e9 a maior rede de academias da regi\u00e3o e se destaca como o espa\u00e7o fitness com o melhor custo-benef\u00edcio de Petr\u00f3polis, reunindo estrutura, qualidade e um ambiente acolhedor para todos os perfis de alunos.<\/p>\n","protected":false},"excerpt":{"rendered":"<p>O cantor Dilsinho aproveitou o feriado prolongado para curtir o clima ameno da Serra em<\/p>\n","protected":false},"author":2,"featured_media":103014,"comment_status":"open","ping_status":"open","sticky":false,"template":"","format":"standard","meta":{"footnotes":""},"categories":[12],"tags":[],"class_list":["post-103013","post","type-post","status-publish","format-standard","has-post-thumbnail","hentry","category-cidade"],"_links":{"self":[{"href":"https:\/\/tvc16.com\/portal\/wp-json\/wp\/v2\/posts\/103013","targetHints":{"allow":["GET"]}}],"collection":[{"href":"https:\/\/tvc16.com\/portal\/wp-json\/wp\/v2\/posts"}],"about":[{"href":"https:\/\/tvc16.com\/portal\/wp-json\/wp\/v2\/types\/post"}],"author":[{"embeddable":true,"href":"https:\/\/tvc16.com\/portal\/wp-json\/wp\/v2\/users\/2"}],"replies":[{"embeddable":true,"href":"https:\/\/tvc16.com\/portal\/wp-json\/wp\/v2\/comments?post=103013"}],"version-history":[{"count":1,"href":"https:\/\/tvc16.com\/portal\/wp-json\/wp\/v2\/posts\/103013\/revisions"}],"predecessor-version":[{"id":103015,"href":"https:\/\/tvc16.com\/portal\/wp-json\/wp\/v2\/posts\/103013\/revisions\/103015"}],"wp:featuredmedia":[{"embeddable":true,"href":"https:\/\/tvc16.com\/portal\/wp-json\/wp\/v2\/media\/103014"}],"wp:attachment":[{"href":"https:\/\/tvc16.com\/portal\/wp-json\/wp\/v2\/media?parent=103013"}],"wp:term":[{"taxonomy":"category","embeddable":true,"href":"https:\/\/tvc16.com\/portal\/wp-json\/wp\/v2\/categories?post=103013"},{"taxonomy":"post_tag","embeddable":true,"href":"https:\/\/tvc16.com\/portal\/wp-json\/wp\/v2\/tags?post=103013"}],"curies":[{"name":"wp","href":"https:\/\/api.w.org\/{rel}","templated":true}]}}