{"id":103016,"date":"2025-04-23T11:11:45","date_gmt":"2025-04-23T14:11:45","guid":{"rendered":"https:\/\/tvc16.com\/portal\/?p=103016"},"modified":"2025-04-23T11:12:50","modified_gmt":"2025-04-23T14:12:50","slug":"homem-e-preso-por-descumprir-medida-protetiva-em-petropolis-2","status":"publish","type":"post","link":"https:\/\/tvc16.com\/portal\/2025\/04\/23\/homem-e-preso-por-descumprir-medida-protetiva-em-petropolis-2\/","title":{"rendered":"Homem \u00e9 preso por descumprir medida protetiva em Petr\u00f3polis"},"content":{"rendered":"\n<p>Policiais civis da 106\u00aa DP (Itaipava) prenderam, nesta ter\u00e7a-feira (22\/04), um homem acusado de descumprir medida protetiva de urg\u00eancia. A pris\u00e3o ocorreu ap\u00f3s dilig\u00eancias na Estrada Uni\u00e3o e Ind\u00fastria, em Pedro do Rio, distrito de Petr\u00f3polis, na Regi\u00e3o Serrana do estado.<\/p>\n\n\n\n<p>De acordo com os agentes, o mandado de pris\u00e3o foi expedido pelo Juizado de Viol\u00eancia Dom\u00e9stica e Familiar da Comarca de Petr\u00f3polis. A a\u00e7\u00e3o faz parte de um trabalho cont\u00ednuo da unidade em combate \u00e0 viol\u00eancia dom\u00e9stica e familiar.<\/p>\n\n\n\n<p>O preso foi encaminhado \u00e0 106\u00aa DP e permanece \u00e0 disposi\u00e7\u00e3o da Justi\u00e7a.<\/p>\n","protected":false},"excerpt":{"rendered":"<p>Policiais civis da 106\u00aa DP (Itaipava) prenderam, nesta ter\u00e7a-feira (22\/04), um homem acusado de descumprir<\/p>\n","protected":false},"author":2,"featured_media":16181,"comment_status":"open","ping_status":"open","sticky":false,"template":"","format":"standard","meta":{"footnotes":""},"categories":[12],"tags":[],"class_list":["post-103016","post","type-post","status-publish","format-standard","has-post-thumbnail","hentry","category-cidade"],"_links":{"self":[{"href":"https:\/\/tvc16.com\/portal\/wp-json\/wp\/v2\/posts\/103016","targetHints":{"allow":["GET"]}}],"collection":[{"href":"https:\/\/tvc16.com\/portal\/wp-json\/wp\/v2\/posts"}],"about":[{"href":"https:\/\/tvc16.com\/portal\/wp-json\/wp\/v2\/types\/post"}],"author":[{"embeddable":true,"href":"https:\/\/tvc16.com\/portal\/wp-json\/wp\/v2\/users\/2"}],"replies":[{"embeddable":true,"href":"https:\/\/tvc16.com\/portal\/wp-json\/wp\/v2\/comments?post=103016"}],"version-history":[{"count":1,"href":"https:\/\/tvc16.com\/portal\/wp-json\/wp\/v2\/posts\/103016\/revisions"}],"predecessor-version":[{"id":103017,"href":"https:\/\/tvc16.com\/portal\/wp-json\/wp\/v2\/posts\/103016\/revisions\/103017"}],"wp:featuredmedia":[{"embeddable":true,"href":"https:\/\/tvc16.com\/portal\/wp-json\/wp\/v2\/media\/16181"}],"wp:attachment":[{"href":"https:\/\/tvc16.com\/portal\/wp-json\/wp\/v2\/media?parent=103016"}],"wp:term":[{"taxonomy":"category","embeddable":true,"href":"https:\/\/tvc16.com\/portal\/wp-json\/wp\/v2\/categories?post=103016"},{"taxonomy":"post_tag","embeddable":true,"href":"https:\/\/tvc16.com\/portal\/wp-json\/wp\/v2\/tags?post=103016"}],"curies":[{"name":"wp","href":"https:\/\/api.w.org\/{rel}","templated":true}]}}