{"id":10302,"date":"2021-02-11T17:46:17","date_gmt":"2021-02-11T20:46:17","guid":{"rendered":"https:\/\/tvc16.com\/portal\/?p=10302"},"modified":"2021-02-11T23:59:33","modified_gmt":"2021-02-12T02:59:33","slug":"pontos-turisticos-de-petropolis-estarao-abertos-durante-o-carnaval","status":"publish","type":"post","link":"https:\/\/tvc16.com\/portal\/2021\/02\/11\/pontos-turisticos-de-petropolis-estarao-abertos-durante-o-carnaval\/","title":{"rendered":"Pontos tur\u00edsticos de Petr\u00f3polis estar\u00e3o abertos durante o Carnaval"},"content":{"rendered":"\n<p>Mesmo sem decretar ponto facultativo e sem uma programa\u00e7\u00e3o espec\u00edfica de Carnaval, a ocupa\u00e7\u00e3o hoteleira em Petr\u00f3polis \u00e9 considerada razo\u00e1vel para o per\u00edodo. De acordo com o Turispetro, em toda a cidade hot\u00e9is e pousadas est\u00e3o com 48% de ocupa\u00e7\u00e3o para os dias 13 a 16 de fevereiro. J\u00e1 nos distritos, o \u00edndice \u00e9 ainda maior, e chega aos 64% de leitos reservados at\u00e9 o momento. No centro hist\u00f3rico e arredores, a taxa \u00e9 de 31%.<\/p>\n\n\n\n<p>Para atender o p\u00fablico alguns pontos tur\u00edsticos da cidade funcionar\u00e3o. O Museu Imperial ter\u00e1 seus jardins, a cafeteria e a loja abertos durante o Carnaval, nos dias 15,16 e 17 de fevereiro. No domingo, 14\/02, o Complexo Museu Imperial estar\u00e1 fechado ao p\u00fablico.<\/p>\n\n\n\n<p>Os Museus Casa do Colono, Casa de Santos Dumont, Museu de Cera e o de Porcelana, no Centro Hist\u00f3rico, tamb\u00e9m ser\u00e3o uma boa op\u00e7\u00e3o de visita para os turistas. J\u00e1 as pessoas que preferem mais contato com a natureza poder\u00e3o visitar os parques naturais da cidade, que tamb\u00e9m reabriram nesta semana.<\/p>\n\n\n\n<p>O Parque Cremerie funciona todos os dias das 8h \u00e0s 16h, com exce\u00e7\u00e3o de segunda-feira. H\u00e1 a op\u00e7\u00e3o ainda do Parque Municipal de Itaipava e do Parque Natural Municipal, localizado na Avenida Ipiranga, que vai reabrir na pr\u00f3xima ter\u00e7a-feira (16).<\/p>\n\n\n\n<p>Por Thaciana Ferrante<\/p>\n","protected":false},"excerpt":{"rendered":"<p>Mesmo sem decretar ponto facultativo e sem uma programa\u00e7\u00e3o espec\u00edfica de Carnaval, a ocupa\u00e7\u00e3o hoteleira<\/p>\n","protected":false},"author":2,"featured_media":10303,"comment_status":"open","ping_status":"open","sticky":false,"template":"","format":"standard","meta":{"footnotes":""},"categories":[12],"tags":[],"class_list":["post-10302","post","type-post","status-publish","format-standard","has-post-thumbnail","hentry","category-cidade"],"_links":{"self":[{"href":"https:\/\/tvc16.com\/portal\/wp-json\/wp\/v2\/posts\/10302","targetHints":{"allow":["GET"]}}],"collection":[{"href":"https:\/\/tvc16.com\/portal\/wp-json\/wp\/v2\/posts"}],"about":[{"href":"https:\/\/tvc16.com\/portal\/wp-json\/wp\/v2\/types\/post"}],"author":[{"embeddable":true,"href":"https:\/\/tvc16.com\/portal\/wp-json\/wp\/v2\/users\/2"}],"replies":[{"embeddable":true,"href":"https:\/\/tvc16.com\/portal\/wp-json\/wp\/v2\/comments?post=10302"}],"version-history":[{"count":2,"href":"https:\/\/tvc16.com\/portal\/wp-json\/wp\/v2\/posts\/10302\/revisions"}],"predecessor-version":[{"id":10326,"href":"https:\/\/tvc16.com\/portal\/wp-json\/wp\/v2\/posts\/10302\/revisions\/10326"}],"wp:featuredmedia":[{"embeddable":true,"href":"https:\/\/tvc16.com\/portal\/wp-json\/wp\/v2\/media\/10303"}],"wp:attachment":[{"href":"https:\/\/tvc16.com\/portal\/wp-json\/wp\/v2\/media?parent=10302"}],"wp:term":[{"taxonomy":"category","embeddable":true,"href":"https:\/\/tvc16.com\/portal\/wp-json\/wp\/v2\/categories?post=10302"},{"taxonomy":"post_tag","embeddable":true,"href":"https:\/\/tvc16.com\/portal\/wp-json\/wp\/v2\/tags?post=10302"}],"curies":[{"name":"wp","href":"https:\/\/api.w.org\/{rel}","templated":true}]}}