{"id":103033,"date":"2025-04-23T12:57:00","date_gmt":"2025-04-23T15:57:00","guid":{"rendered":"https:\/\/tvc16.com\/portal\/?p=103033"},"modified":"2025-04-23T12:57:01","modified_gmt":"2025-04-23T15:57:01","slug":"rede-cinemaxx-promove-hoje-23-sessao-solidaria-em-petropolis","status":"publish","type":"post","link":"https:\/\/tvc16.com\/portal\/2025\/04\/23\/rede-cinemaxx-promove-hoje-23-sessao-solidaria-em-petropolis\/","title":{"rendered":"Rede Cinemaxx promove hoje (23) sess\u00e3o solid\u00e1ria em Petr\u00f3polis"},"content":{"rendered":"\n<p>Nesta quarta-feira, 23 de abril, a Rede Cinemaxx realiza uma sess\u00e3o solid\u00e1ria em suas unidades de Petr\u00f3polis e Itaperuna, com o objetivo de arrecadar alimentos n\u00e3o perec\u00edveis em prol de institui\u00e7\u00f5es sociais. Em cada uma das salas, na primeira sess\u00e3o do dia, o p\u00fablico poder\u00e1 trocar 1 kg de feij\u00e3o por um ingresso.<\/p>\n\n\n\n<p>A iniciativa integra o programa \u201cCinemaxx Beneficente\u201d e contempla, nesta edi\u00e7\u00e3o, duas entidades: a Associa\u00e7\u00e3o Petropolitana dos Pacientes Oncol\u00f3gicos (APPO) e as Obras Sociais do Padre Geraldo. Ambas desenvolvem trabalhos voltados ao cuidado com a sa\u00fade e ao suporte social nas respectivas cidades.<\/p>\n\n\n\n<p>\u201cQueremos fortalecer nosso v\u00ednculo com as comunidades locais e, com isso, ajudar institui\u00e7\u00f5es que fazem a diferen\u00e7a na vida de muitas pessoas\u201d, afirma Gilberto Leal, CEO da Rede Cinemaxx. Segundo ele, o projeto busca engajar o p\u00fablico em a\u00e7\u00f5es que unam cultura, solidariedade e impacto positivo. \u201cEsta iniciativa refor\u00e7a nosso compromisso em apoiar o trabalho transformador dessas organiza\u00e7\u00f5es\u201d, conclui.<\/p>\n\n\n\n<p>A promo\u00e7\u00e3o \u00e9 v\u00e1lida exclusivamente para ingressos adquiridos presencialmente nas bilheteiras do Cinemaxx Bauhaus Exclusive e Cinemaxx Mercado Esta\u00e7\u00e3o, em Petr\u00f3polis e do Cinemaxx Gl\u00f3ria, em Itaperuna, e os alimentos ser\u00e3o entregues diretamente \u00e0s institui\u00e7\u00f5es beneficiadas.<\/p>\n\n\n\n<p>Foto: divulga\u00e7\u00e3o <\/p>\n","protected":false},"excerpt":{"rendered":"<p>Nesta quarta-feira, 23 de abril, a Rede Cinemaxx realiza uma sess\u00e3o solid\u00e1ria em suas unidades<\/p>\n","protected":false},"author":2,"featured_media":103034,"comment_status":"open","ping_status":"open","sticky":false,"template":"","format":"standard","meta":{"footnotes":""},"categories":[12],"tags":[],"class_list":["post-103033","post","type-post","status-publish","format-standard","has-post-thumbnail","hentry","category-cidade"],"_links":{"self":[{"href":"https:\/\/tvc16.com\/portal\/wp-json\/wp\/v2\/posts\/103033","targetHints":{"allow":["GET"]}}],"collection":[{"href":"https:\/\/tvc16.com\/portal\/wp-json\/wp\/v2\/posts"}],"about":[{"href":"https:\/\/tvc16.com\/portal\/wp-json\/wp\/v2\/types\/post"}],"author":[{"embeddable":true,"href":"https:\/\/tvc16.com\/portal\/wp-json\/wp\/v2\/users\/2"}],"replies":[{"embeddable":true,"href":"https:\/\/tvc16.com\/portal\/wp-json\/wp\/v2\/comments?post=103033"}],"version-history":[{"count":1,"href":"https:\/\/tvc16.com\/portal\/wp-json\/wp\/v2\/posts\/103033\/revisions"}],"predecessor-version":[{"id":103035,"href":"https:\/\/tvc16.com\/portal\/wp-json\/wp\/v2\/posts\/103033\/revisions\/103035"}],"wp:featuredmedia":[{"embeddable":true,"href":"https:\/\/tvc16.com\/portal\/wp-json\/wp\/v2\/media\/103034"}],"wp:attachment":[{"href":"https:\/\/tvc16.com\/portal\/wp-json\/wp\/v2\/media?parent=103033"}],"wp:term":[{"taxonomy":"category","embeddable":true,"href":"https:\/\/tvc16.com\/portal\/wp-json\/wp\/v2\/categories?post=103033"},{"taxonomy":"post_tag","embeddable":true,"href":"https:\/\/tvc16.com\/portal\/wp-json\/wp\/v2\/tags?post=103033"}],"curies":[{"name":"wp","href":"https:\/\/api.w.org\/{rel}","templated":true}]}}