{"id":103058,"date":"2025-04-24T08:30:27","date_gmt":"2025-04-24T11:30:27","guid":{"rendered":"https:\/\/tvc16.com\/portal\/?p=103058"},"modified":"2025-04-24T08:30:28","modified_gmt":"2025-04-24T11:30:28","slug":"presidente-do-inss-e-exonerado-apos-suspeita-de-fraudes","status":"publish","type":"post","link":"https:\/\/tvc16.com\/portal\/2025\/04\/24\/presidente-do-inss-e-exonerado-apos-suspeita-de-fraudes\/","title":{"rendered":"Presidente do INSS \u00e9 exonerado ap\u00f3s suspeita de fraudes\u00a0"},"content":{"rendered":"\n<p><em>Demiss\u00e3o foi determinada pelo presidente Lula<\/em><\/p>\n\n\n\n<p>Por Ag\u00eancia Brasil\u00a0 \/ Foto: Rafa Neddermeyer\/Ag\u00eancia Brasil<\/p>\n\n\n\n<p><\/p>\n\n\n\n<p>A&nbsp;<strong>exonera\u00e7\u00e3o do presidente do Instituto Nacional do Seguro Social (INSS), Alessandro Stefanutto, foi&nbsp;<\/strong><a href=\"https:\/\/www.in.gov.br\/en\/web\/dou\/-\/portaria-n-489-de-23-de-abril-de-2025-625461333\" target=\"_blank\" rel=\"noreferrer noopener\">publicada em edi\u00e7\u00e3o extra do Di\u00e1rio Oficial da Uni\u00e3o desta quarta-feira (23)<\/a>. A portaria \u00e9 assinada pela ministra substituta da Casa Civil, Miriam Belchior.<img decoding=\"async\" src=\"https:\/\/agenciabrasil.ebc.com.br\/ebc.png?id=1640001&amp;o=node\"><img decoding=\"async\" src=\"https:\/\/agenciabrasil.ebc.com.br\/ebc.gif?id=1640001&amp;o=node\"><\/p>\n\n\n\n<p><strong>Stefanutto \u00e9 um dos investigados na opera\u00e7\u00e3o que a Pol\u00edcia Federal (PF) e a Controladoria-Geral da Uni\u00e3o (CGU) deflagraram na manh\u00e3 de hoje para apurar suspeitas de um esquema de descontos n\u00e3o autorizados nos benef\u00edcios<\/strong>&nbsp;de aposentados e pensionistas.&nbsp;<\/p>\n\n\n\n<p>A&nbsp;<a href=\"https:\/\/agenciabrasil.ebc.com.br\/politica\/noticia\/2025-04\/lula-determina-demissao-do-presidente-do-inss\" target=\"_blank\" rel=\"noreferrer noopener\">demiss\u00e3o foi determinada pelo presidente Luiz In\u00e1cio Lula da Silva<\/a>.&nbsp;<\/p>\n\n\n\n<p>Mais cedo, a&nbsp;<a href=\"https:\/\/agenciabrasil.ebc.com.br\/geral\/noticia\/2025-04\/justica-determina-afastamento-do-presidente-do-inss\" target=\"_blank\" rel=\"noreferrer noopener\">Justi\u00e7a Federal j\u00e1 havia determinado o afastamento cautelar de Stefanutto e de outros cinco servidores p\u00fablicos<\/a>.&nbsp;<\/p>\n\n\n\n<p>Procurador federal, Stefanutto ficou \u00e0 frente da Procuradoria-Federal Especializada junto ao INSS de 2011 a 2017.&nbsp;<strong>Em 11 de julho de 2023, assumiu a presid\u00eancia da autarquia por indica\u00e7\u00e3o do ministro da Previd\u00eancia Social, Carlos Lupi,&nbsp;que defendeu hoje o direito de todos os investigados \u00e0 presun\u00e7\u00e3o de inoc\u00eancia<\/strong>.<\/p>\n\n\n\n<p><strong><a href=\"https:\/\/agenciabrasil.ebc.com.br\/geral\/noticia\/2025-04\/como-pedir-exclusao-de-desconto-indevido-em-beneficios-do-inss\" target=\"_blank\" rel=\"noreferrer noopener\">&gt;&gt; Veja como pedir a exclus\u00e3o de desconto indevido no benef\u00edcio do INSS<\/a><\/strong><\/p>\n\n\n\n<h2 class=\"wp-block-heading\">Opera\u00e7\u00e3o&nbsp;<\/h2>\n\n\n\n<p>A&nbsp;<strong>Opera\u00e7\u00e3o Sem Desconto&nbsp;investiga um suposto esquema nacional de descontos de mensalidades associativas n\u00e3o autorizada<\/strong>s.&nbsp;<strong>Estima-se que cerca de R$ 6,3 bilh\u00f5es foram descontados<\/strong>&nbsp;de aposentados e pensionistas&nbsp;<strong>entre 2019 e 2024<\/strong>.&nbsp;<\/p>\n\n\n\n<p>Ap\u00f3s a deflagra\u00e7\u00e3o da opera\u00e7\u00e3o, o<a href=\"https:\/\/agenciabrasil.ebc.com.br\/geral\/noticia\/2025-04\/governo-suspende-autorizacao-para-cobranca-de-mensalidade-associativa\" target=\"_blank\" rel=\"noreferrer noopener\">&nbsp;governo federal anunciou a suspens\u00e3o de todos os acordos de coopera\u00e7\u00e3o t\u00e9cnica que permitem que organiza\u00e7\u00f5es da sociedade civil cobrem de aposentados e pensionistas mensalidades associativas<\/a>&nbsp;descontadas diretamente dos benef\u00edcios pagos pelo INSS.<br><\/p>\n","protected":false},"excerpt":{"rendered":"<p>Demiss\u00e3o foi determinada pelo presidente Lula Por Ag\u00eancia Brasil\u00a0 \/ Foto: Rafa Neddermeyer\/Ag\u00eancia Brasil A&nbsp;exonera\u00e7\u00e3o<\/p>\n","protected":false},"author":2,"featured_media":103059,"comment_status":"open","ping_status":"open","sticky":false,"template":"","format":"standard","meta":{"footnotes":""},"categories":[17],"tags":[],"class_list":["post-103058","post","type-post","status-publish","format-standard","has-post-thumbnail","hentry","category-outras-noticias"],"_links":{"self":[{"href":"https:\/\/tvc16.com\/portal\/wp-json\/wp\/v2\/posts\/103058","targetHints":{"allow":["GET"]}}],"collection":[{"href":"https:\/\/tvc16.com\/portal\/wp-json\/wp\/v2\/posts"}],"about":[{"href":"https:\/\/tvc16.com\/portal\/wp-json\/wp\/v2\/types\/post"}],"author":[{"embeddable":true,"href":"https:\/\/tvc16.com\/portal\/wp-json\/wp\/v2\/users\/2"}],"replies":[{"embeddable":true,"href":"https:\/\/tvc16.com\/portal\/wp-json\/wp\/v2\/comments?post=103058"}],"version-history":[{"count":1,"href":"https:\/\/tvc16.com\/portal\/wp-json\/wp\/v2\/posts\/103058\/revisions"}],"predecessor-version":[{"id":103060,"href":"https:\/\/tvc16.com\/portal\/wp-json\/wp\/v2\/posts\/103058\/revisions\/103060"}],"wp:featuredmedia":[{"embeddable":true,"href":"https:\/\/tvc16.com\/portal\/wp-json\/wp\/v2\/media\/103059"}],"wp:attachment":[{"href":"https:\/\/tvc16.com\/portal\/wp-json\/wp\/v2\/media?parent=103058"}],"wp:term":[{"taxonomy":"category","embeddable":true,"href":"https:\/\/tvc16.com\/portal\/wp-json\/wp\/v2\/categories?post=103058"},{"taxonomy":"post_tag","embeddable":true,"href":"https:\/\/tvc16.com\/portal\/wp-json\/wp\/v2\/tags?post=103058"}],"curies":[{"name":"wp","href":"https:\/\/api.w.org\/{rel}","templated":true}]}}