{"id":103061,"date":"2025-04-25T06:00:00","date_gmt":"2025-04-25T09:00:00","guid":{"rendered":"https:\/\/tvc16.com\/portal\/?p=103061"},"modified":"2025-04-24T08:46:15","modified_gmt":"2025-04-24T11:46:15","slug":"cnu-de-2025-deve-ter-3-mil-vagas-e-ao-menos-duas-novas-carreiras","status":"publish","type":"post","link":"https:\/\/tvc16.com\/portal\/2025\/04\/25\/cnu-de-2025-deve-ter-3-mil-vagas-e-ao-menos-duas-novas-carreiras\/","title":{"rendered":"CNU de 2025 deve ter 3 mil vagas e ao menos duas novas carreiras"},"content":{"rendered":"\n<p><em>Ministra Esther Dweck prev\u00ea que inscri\u00e7\u00f5es come\u00e7ar\u00e3o em junho<\/em><\/p>\n\n\n\n<p>Por Luiz Claudio Ferreira &#8211; rep\u00f3rter da Ag\u00eancia Brasil \/ Foto: Marcelo Camargo\/Ag\u00eancia Brasil<\/p>\n\n\n\n<p><\/p>\n\n\n\n<p>O pr\u00f3ximo Concurso P\u00fablico Nacional Unificado (CNU) deve ter cerca de 3&nbsp;mil vagas, e&nbsp;<strong>a abertura das inscri\u00e7\u00f5es est\u00e1&nbsp;prevista&nbsp;para o m\u00eas de junho<\/strong>. As informa\u00e7\u00f5es foram divulgadas nesta quarta-feira (23) pela&nbsp;ministra da Gest\u00e3o e Inova\u00e7\u00e3o em Servi\u00e7os P\u00fablicos, Esther Dweck.<img decoding=\"async\" src=\"https:\/\/agenciabrasil.ebc.com.br\/ebc.png?id=1639990&amp;o=node\"><img decoding=\"async\" src=\"https:\/\/agenciabrasil.ebc.com.br\/ebc.gif?id=1639990&amp;o=node\"><\/p>\n\n\n\n<p>Segundo a ministra,&nbsp;<strong>o termo de refer\u00eancia para a chamada das empresas candidatas a compor a&nbsp;banca do concurso j\u00e1&nbsp;est\u00e1 pronto<\/strong>. Esther Dweck&nbsp;disse que essas informa\u00e7\u00f5es, a serem publicadas no pr\u00f3ximo edital, podem ser divulgadas de forma oficial nesta semana ou na pr\u00f3xima.<\/p>\n\n\n\n<h2 class=\"wp-block-heading\">Duas novas carreiras<\/h2>\n\n\n\n<p>O pr\u00f3ximo CNU deve ter entre as novidades duas novas carreiras \u2500&nbsp;<strong>uma delas \u00e9 ligada \u00e0 \u00e1rea de defesa e seguran\u00e7a p\u00fablica, e a outra \u00e9&nbsp;relacionada&nbsp;ao campo do desenvolvimento socioecon\u00f4mico<\/strong>.<\/p>\n\n\n\n<p>\u201cS\u00e3o duas carreiras muito importantes, que complementam as carreiras de pol\u00edtica social, de analista de infraestrutura e de analista de tecnologia da informa\u00e7\u00e3o\u201d,&nbsp;disse a ministra em entrevista \u00e0 CNN Brasil.&nbsp;<\/p>\n\n\n\n<p>Os sal\u00e1rios iniciais devem ser acima de R$ 9 mil, podendo chegar a R$ 21 mil, disse a ministra. Outras carreiras, segundo Esther Dweck, j\u00e1 tiveram autoriza\u00e7\u00f5es nas \u00e1reas de sa\u00fade e de administra\u00e7\u00e3o.<\/p>\n\n\n\n<h2 class=\"wp-block-heading\">Cargos ocupados<\/h2>\n\n\n\n<p>A ministra informou tamb\u00e9m que, na pr\u00f3xima a quinta-feira (24), deve haver mais um passo para a contrata\u00e7\u00e3o&nbsp;das pessoas que passaram no \u00faltimo concurso em cargos que n\u00e3o requeriam curso de forma\u00e7\u00e3o.<\/p>\n\n\n\n<p>\u201cS\u00e3o cerca de 4,3 mil pessoas que a gente vai publicar a autoriza\u00e7\u00e3o de provimento para que elas possam ingressar no servi\u00e7o p\u00fablico brasileiro nas pr\u00f3ximas semanas, de prefer\u00eancia\u201d, afirmou.<\/p>\n\n\n\n<h2 class=\"wp-block-heading\">Convoca\u00e7\u00f5es em maio<\/h2>\n\n\n\n<p>Os candidatos aprovados na primeira edi\u00e7\u00e3o do Concurso P\u00fablico Nacional Unificado (CNU)&nbsp;<a href=\"https:\/\/agenciabrasil.ebc.com.br\/geral\/noticia\/2025-04\/aprovados-do-cnu-comecarao-ser-convocados-em-maio\" target=\"_blank\" rel=\"noreferrer noopener\">devem come\u00e7ar&nbsp;a ser convocados em maio<\/a>, segundo&nbsp;previs\u00e3o&nbsp;anunciada no \u00faltimo dia 15 de abril&nbsp;pelo MGI, ap\u00f3s&nbsp;a&nbsp;<a href=\"https:\/\/agenciabrasil.ebc.com.br\/economia\/noticia\/2025-04\/lula-sanciona-orcamento-de-2025-com-dois-pequenos-vetos\" target=\"_blank\" rel=\"noreferrer noopener\">san\u00e7\u00e3o da Lei Or\u00e7ament\u00e1ria Anual (LOA) de 2025, pelo presidente Luiz In\u00e1cio Lula da Silva<\/a>.<\/p>\n\n\n\n<p>A expectativa inclui os&nbsp;cargos que n\u00e3o exigem cursos de forma\u00e7\u00e3o dos oito blocos tem\u00e1ticos, de n\u00edvel superior e m\u00e9dio. S\u00e3o essas as nomea\u00e7\u00f5es que ser\u00e3o autorizadas pelo MGI por meio de&nbsp;uma portaria unificada prevista para sair ainda nesta semana.<\/p>\n\n\n\n<p>A partir desta autoriza\u00e7\u00e3o, o passo seguinte ser\u00e1 dado pelos 16 \u00f3rg\u00e3os e entidades federais participantes do certame, que dever\u00e3o publicar os pr\u00f3prios atos de nomea\u00e7\u00e3o para dar posse aos aprovados. Os \u00f3rg\u00e3os que far\u00e3o as convoca\u00e7\u00f5es s\u00e3o:<\/p>\n\n\n\n<p>Minist\u00e9rio da Cultura (MinC).<br><\/p>\n\n\n\n<p>Minist\u00e9rio da Gest\u00e3o e da Inova\u00e7\u00e3o em Servi\u00e7os P\u00fablicos (MGI);<\/p>\n\n\n\n<p>Minist\u00e9rio do Desenvolvimento, Ind\u00fastria, Com\u00e9rcio e Servi\u00e7os (Mdic);<\/p>\n\n\n\n<p>Minist\u00e9rio da Agricultura e Pecu\u00e1ria (Mapa);<\/p>\n\n\n\n<p>Instituto Nacional de Meteorologia (Inmet);<\/p>\n\n\n\n<p>Instituto Nacional de Coloniza\u00e7\u00e3o e Reforma Agr\u00e1ria (Incra);<\/p>\n\n\n\n<p>Minist\u00e9rio da Ci\u00eancia, Tecnologia e Inova\u00e7\u00e3o (MCTI);<\/p>\n\n\n\n<p>Instituto Nacional de Estudos e Pesquisas Educacionais An\u00edsio Teixeira (Inep);<\/p>\n\n\n\n<p>Funda\u00e7\u00e3o Nacional dos Povos Ind\u00edgenas (FUNAI);<\/p>\n\n\n\n<p>Minist\u00e9rio da Sa\u00fade (MS);<\/p>\n\n\n\n<p>Minist\u00e9rio da Justi\u00e7a e Seguran\u00e7a P\u00fablica (MJSP);<\/p>\n\n\n\n<p>Superintend\u00eancia Nacional de Previd\u00eancia Complementar (Previc);<\/p>\n\n\n\n<p>Instituto Brasileiro de Geografia e Estat\u00edstica (IBGE);<\/p>\n\n\n\n<p>Advocacia-Geral da Uni\u00e3o (AGU);<\/p>\n\n\n\n<p>Minist\u00e9rio dos Povos Ind\u00edgenas (MPI);<\/p>\n\n\n\n<p>Minist\u00e9rio do Planejamento e Or\u00e7amento (MPO);<\/p>\n","protected":false},"excerpt":{"rendered":"<p>Ministra Esther Dweck prev\u00ea que inscri\u00e7\u00f5es come\u00e7ar\u00e3o em junho Por Luiz Claudio Ferreira &#8211; rep\u00f3rter<\/p>\n","protected":false},"author":2,"featured_media":103062,"comment_status":"open","ping_status":"open","sticky":false,"template":"","format":"standard","meta":{"footnotes":""},"categories":[17],"tags":[],"class_list":["post-103061","post","type-post","status-publish","format-standard","has-post-thumbnail","hentry","category-outras-noticias"],"_links":{"self":[{"href":"https:\/\/tvc16.com\/portal\/wp-json\/wp\/v2\/posts\/103061","targetHints":{"allow":["GET"]}}],"collection":[{"href":"https:\/\/tvc16.com\/portal\/wp-json\/wp\/v2\/posts"}],"about":[{"href":"https:\/\/tvc16.com\/portal\/wp-json\/wp\/v2\/types\/post"}],"author":[{"embeddable":true,"href":"https:\/\/tvc16.com\/portal\/wp-json\/wp\/v2\/users\/2"}],"replies":[{"embeddable":true,"href":"https:\/\/tvc16.com\/portal\/wp-json\/wp\/v2\/comments?post=103061"}],"version-history":[{"count":1,"href":"https:\/\/tvc16.com\/portal\/wp-json\/wp\/v2\/posts\/103061\/revisions"}],"predecessor-version":[{"id":103063,"href":"https:\/\/tvc16.com\/portal\/wp-json\/wp\/v2\/posts\/103061\/revisions\/103063"}],"wp:featuredmedia":[{"embeddable":true,"href":"https:\/\/tvc16.com\/portal\/wp-json\/wp\/v2\/media\/103062"}],"wp:attachment":[{"href":"https:\/\/tvc16.com\/portal\/wp-json\/wp\/v2\/media?parent=103061"}],"wp:term":[{"taxonomy":"category","embeddable":true,"href":"https:\/\/tvc16.com\/portal\/wp-json\/wp\/v2\/categories?post=103061"},{"taxonomy":"post_tag","embeddable":true,"href":"https:\/\/tvc16.com\/portal\/wp-json\/wp\/v2\/tags?post=103061"}],"curies":[{"name":"wp","href":"https:\/\/api.w.org\/{rel}","templated":true}]}}