{"id":103067,"date":"2025-04-25T07:00:00","date_gmt":"2025-04-25T10:00:00","guid":{"rendered":"https:\/\/tvc16.com\/portal\/?p=103067"},"modified":"2025-04-24T08:50:11","modified_gmt":"2025-04-24T11:50:11","slug":"policia-civil-prende-gerente-do-trafico-de-drogas-em-nova-friburgo","status":"publish","type":"post","link":"https:\/\/tvc16.com\/portal\/2025\/04\/25\/policia-civil-prende-gerente-do-trafico-de-drogas-em-nova-friburgo\/","title":{"rendered":"Pol\u00edcia Civil prende gerente do tr\u00e1fico de drogas em Nova Friburgo"},"content":{"rendered":"\n<p>Policiais Civis da 151\u00aa DP (Nova Friburgo) em a\u00e7\u00e3o conjunta com policiais militares, prenderam, nesta ter\u00e7a-feira (22\/04), um homem apontado como um dos gerentes do tr\u00e1fico de drogas em Nova Friburgo. Ele foi capturado no bairro Santa Bernadete.<\/p>\n\n\n\n<p>Ap\u00f3s den\u00fancia, agentes realizaram dilig\u00eancias no bairro e encontraram um ponto de venda de drogas. No local, um traficante tentou fugir com uma sacola com entorpecentes, mas foi detido. Ao ser questionado pelos policiais, ele confessou a atua\u00e7\u00e3o no tr\u00e1fico na regi\u00e3o.<\/p>\n\n\n\n<p>O criminoso, que j\u00e1 foi preso diversas vezes, responder\u00e1 pelos crimes de: tr\u00e1fico e associa\u00e7\u00e3o para o tr\u00e1fico de drogas.<\/p>\n","protected":false},"excerpt":{"rendered":"<p>Policiais Civis da 151\u00aa DP (Nova Friburgo) em a\u00e7\u00e3o conjunta com policiais militares, prenderam, nesta<\/p>\n","protected":false},"author":2,"featured_media":95029,"comment_status":"open","ping_status":"open","sticky":false,"template":"","format":"standard","meta":{"footnotes":""},"categories":[17],"tags":[],"class_list":["post-103067","post","type-post","status-publish","format-standard","has-post-thumbnail","hentry","category-outras-noticias"],"_links":{"self":[{"href":"https:\/\/tvc16.com\/portal\/wp-json\/wp\/v2\/posts\/103067","targetHints":{"allow":["GET"]}}],"collection":[{"href":"https:\/\/tvc16.com\/portal\/wp-json\/wp\/v2\/posts"}],"about":[{"href":"https:\/\/tvc16.com\/portal\/wp-json\/wp\/v2\/types\/post"}],"author":[{"embeddable":true,"href":"https:\/\/tvc16.com\/portal\/wp-json\/wp\/v2\/users\/2"}],"replies":[{"embeddable":true,"href":"https:\/\/tvc16.com\/portal\/wp-json\/wp\/v2\/comments?post=103067"}],"version-history":[{"count":1,"href":"https:\/\/tvc16.com\/portal\/wp-json\/wp\/v2\/posts\/103067\/revisions"}],"predecessor-version":[{"id":103068,"href":"https:\/\/tvc16.com\/portal\/wp-json\/wp\/v2\/posts\/103067\/revisions\/103068"}],"wp:featuredmedia":[{"embeddable":true,"href":"https:\/\/tvc16.com\/portal\/wp-json\/wp\/v2\/media\/95029"}],"wp:attachment":[{"href":"https:\/\/tvc16.com\/portal\/wp-json\/wp\/v2\/media?parent=103067"}],"wp:term":[{"taxonomy":"category","embeddable":true,"href":"https:\/\/tvc16.com\/portal\/wp-json\/wp\/v2\/categories?post=103067"},{"taxonomy":"post_tag","embeddable":true,"href":"https:\/\/tvc16.com\/portal\/wp-json\/wp\/v2\/tags?post=103067"}],"curies":[{"name":"wp","href":"https:\/\/api.w.org\/{rel}","templated":true}]}}