{"id":103075,"date":"2025-04-24T11:58:31","date_gmt":"2025-04-24T14:58:31","guid":{"rendered":"https:\/\/tvc16.com\/portal\/?p=103075"},"modified":"2025-04-24T11:58:32","modified_gmt":"2025-04-24T14:58:32","slug":"cobranca-por-sacolas-plasticas-continua-proibida-em-petropolis","status":"publish","type":"post","link":"https:\/\/tvc16.com\/portal\/2025\/04\/24\/cobranca-por-sacolas-plasticas-continua-proibida-em-petropolis\/","title":{"rendered":"Cobran\u00e7a por sacolas pl\u00e1sticas continua proibida em Petr\u00f3polis"},"content":{"rendered":"\n<p>Uma rede de supermercados de Petr\u00f3polis, com lojas no Centro e no bairro Quitandinha, foi orientada pelo Procon Municipal a n\u00e3o dar continuidade \u00e0 cobran\u00e7a por sacolas pl\u00e1sticas, anunciada para entrar em vigor em maio de 2025. A medida foi suspensa ap\u00f3s o \u00f3rg\u00e3o notificar a empresa e esclarecer que a pr\u00e1tica segue vedada por legisla\u00e7\u00e3o municipal.<\/p>\n\n\n\n<p>Cartazes afixados nas lojas informavam que o valor cobrado pelas sacolas seria simb\u00f3lico. No entanto, a Lei n\u00ba 8.218 de 2021, sancionada pelo prefeito Hingo Hammes durante seu exerc\u00edcio interino, impede que qualquer estabelecimento comercial cobre pelas sacolas pl\u00e1sticas fornecidas ao consumidor.<\/p>\n\n\n\n<p>\u201cA legisla\u00e7\u00e3o municipal est\u00e1 em vigor e \u00e9 clara ao proibir esse tipo de cobran\u00e7a. O Procon atuou de maneira preventiva e eficiente para garantir o cumprimento da norma e assegurar os direitos dos consumidores\u201d, afirmou o prefeito Hingo Hammes.<\/p>\n\n\n\n<p>No in\u00edcio do ano, foi aprovado na C\u00e2mara Municipal um projeto que pretendia revogar essa lei e autorizar a cobran\u00e7a. Contudo, a proposta foi integralmente vetada pelo prefeito, sob o argumento de que o conte\u00fado invadia compet\u00eancias do Poder Executivo.<\/p>\n\n\n\n<p>A atua\u00e7\u00e3o do Procon ocorreu de forma imediata ap\u00f3s a identifica\u00e7\u00e3o do an\u00fancio nas lojas da rede. O coordenador do \u00f3rg\u00e3o, Faf\u00e1 Badia, entrou em contato com os respons\u00e1veis pela empresa e refor\u00e7ou a vig\u00eancia da lei.<\/p>\n\n\n\n<p>\u201cO contato foi feito com base em di\u00e1logo institucional. Informamos que, de acordo com a legisla\u00e7\u00e3o vigente, a cobran\u00e7a n\u00e3o poderia ser aplicada. A rede acolheu a orienta\u00e7\u00e3o e optou por suspender a iniciativa antes que fosse colocada em pr\u00e1tica\u201d, explicou Faf\u00e1 Badia.<\/p>\n","protected":false},"excerpt":{"rendered":"<p>Uma rede de supermercados de Petr\u00f3polis, com lojas no Centro e no bairro Quitandinha, foi<\/p>\n","protected":false},"author":2,"featured_media":32073,"comment_status":"open","ping_status":"open","sticky":false,"template":"","format":"standard","meta":{"footnotes":""},"categories":[12],"tags":[],"class_list":["post-103075","post","type-post","status-publish","format-standard","has-post-thumbnail","hentry","category-cidade"],"_links":{"self":[{"href":"https:\/\/tvc16.com\/portal\/wp-json\/wp\/v2\/posts\/103075","targetHints":{"allow":["GET"]}}],"collection":[{"href":"https:\/\/tvc16.com\/portal\/wp-json\/wp\/v2\/posts"}],"about":[{"href":"https:\/\/tvc16.com\/portal\/wp-json\/wp\/v2\/types\/post"}],"author":[{"embeddable":true,"href":"https:\/\/tvc16.com\/portal\/wp-json\/wp\/v2\/users\/2"}],"replies":[{"embeddable":true,"href":"https:\/\/tvc16.com\/portal\/wp-json\/wp\/v2\/comments?post=103075"}],"version-history":[{"count":1,"href":"https:\/\/tvc16.com\/portal\/wp-json\/wp\/v2\/posts\/103075\/revisions"}],"predecessor-version":[{"id":103076,"href":"https:\/\/tvc16.com\/portal\/wp-json\/wp\/v2\/posts\/103075\/revisions\/103076"}],"wp:featuredmedia":[{"embeddable":true,"href":"https:\/\/tvc16.com\/portal\/wp-json\/wp\/v2\/media\/32073"}],"wp:attachment":[{"href":"https:\/\/tvc16.com\/portal\/wp-json\/wp\/v2\/media?parent=103075"}],"wp:term":[{"taxonomy":"category","embeddable":true,"href":"https:\/\/tvc16.com\/portal\/wp-json\/wp\/v2\/categories?post=103075"},{"taxonomy":"post_tag","embeddable":true,"href":"https:\/\/tvc16.com\/portal\/wp-json\/wp\/v2\/tags?post=103075"}],"curies":[{"name":"wp","href":"https:\/\/api.w.org\/{rel}","templated":true}]}}