{"id":103081,"date":"2025-04-25T05:00:00","date_gmt":"2025-04-25T08:00:00","guid":{"rendered":"https:\/\/tvc16.com\/portal\/?p=103081"},"modified":"2025-04-24T17:41:22","modified_gmt":"2025-04-24T20:41:22","slug":"faturamento-do-setor-de-panificacao-cresce-11-em-2024","status":"publish","type":"post","link":"https:\/\/tvc16.com\/portal\/2025\/04\/25\/faturamento-do-setor-de-panificacao-cresce-11-em-2024\/","title":{"rendered":"Faturamento do setor de panifica\u00e7\u00e3o cresce 11% em 2024"},"content":{"rendered":"\n<p><strong>O faturamento do setor de panifica\u00e7\u00e3o alcan\u00e7ou R$ 153,3 bilh\u00f5es em 2024, um aumento de 10,9% em rela\u00e7\u00e3o ao ano anterior.&nbsp;<\/strong>Os dados s\u00e3o do Instituto de Desenvolvimento das Empresas de Alimenta\u00e7\u00e3o (Ideal).<img decoding=\"async\" src=\"https:\/\/agenciabrasil.ebc.com.br\/ebc.png?id=1640127&amp;o=node\"><img decoding=\"async\" src=\"https:\/\/agenciabrasil.ebc.com.br\/ebc.gif?id=1640127&amp;o=node\"><\/p>\n\n\n\n<p>De acordo com a Associa\u00e7\u00e3o Brasileira da Ind\u00fastria da Panifica\u00e7\u00e3o e Confeitaria (Abip),<strong>&nbsp;o resultado est\u00e1 ligado ao aumento do fluxo de clientes nas padarias, que cresceu cerca de 4,57% no ano passado.<\/strong><\/p>\n\n\n\n<p>&#8220;A padaria voltou a ser o local para refei\u00e7\u00f5es r\u00e1pidas, encontros e at\u00e9 reuni\u00f5es de trabalho. Alcan\u00e7amos um crescimento fant\u00e1stico, pois foi quase quatro vezes maior que a performance do ano passado [2023] e refor\u00e7a o quanto a padaria retomou seu posicionamento como um espa\u00e7o vers\u00e1til de servi\u00e7os&#8221;, destacou Emerson Amaral, da Abip.<\/p>\n\n\n\n<p><strong>A Regi\u00e3o Norte do pa\u00eds liderou o crescimento do faturamento do setor em 2024, com um aumento de 16,3%.<\/strong>&nbsp;J\u00e1 o Sudeste, regi\u00e3o onde se concentra o maior n\u00famero de empresas, cresceu 8,8%.<\/p>\n\n\n\n<p>A cidade de S\u00e3o Paulo permaneceu sendo a capital com maior n\u00famero de estabelecimentos (21.358), seguida por Rio de Janeiro (12.191), Belo Horizonte (4.809), Bras\u00edlia (4.723) e Salvador (4.005).<\/p>\n\n\n\n<p>Bruno Bocchini &#8211; Rep\u00f3rter da Ag\u00eancia Brasil<br>Por \u00a9 Marcelo Camargo\/Ag\u00eancia Brasil<br><\/p>\n","protected":false},"excerpt":{"rendered":"<p>O faturamento do setor de panifica\u00e7\u00e3o alcan\u00e7ou R$ 153,3 bilh\u00f5es em 2024, um aumento de<\/p>\n","protected":false},"author":2,"featured_media":103082,"comment_status":"open","ping_status":"open","sticky":false,"template":"","format":"standard","meta":{"footnotes":""},"categories":[17],"tags":[],"class_list":["post-103081","post","type-post","status-publish","format-standard","has-post-thumbnail","hentry","category-outras-noticias"],"_links":{"self":[{"href":"https:\/\/tvc16.com\/portal\/wp-json\/wp\/v2\/posts\/103081","targetHints":{"allow":["GET"]}}],"collection":[{"href":"https:\/\/tvc16.com\/portal\/wp-json\/wp\/v2\/posts"}],"about":[{"href":"https:\/\/tvc16.com\/portal\/wp-json\/wp\/v2\/types\/post"}],"author":[{"embeddable":true,"href":"https:\/\/tvc16.com\/portal\/wp-json\/wp\/v2\/users\/2"}],"replies":[{"embeddable":true,"href":"https:\/\/tvc16.com\/portal\/wp-json\/wp\/v2\/comments?post=103081"}],"version-history":[{"count":1,"href":"https:\/\/tvc16.com\/portal\/wp-json\/wp\/v2\/posts\/103081\/revisions"}],"predecessor-version":[{"id":103083,"href":"https:\/\/tvc16.com\/portal\/wp-json\/wp\/v2\/posts\/103081\/revisions\/103083"}],"wp:featuredmedia":[{"embeddable":true,"href":"https:\/\/tvc16.com\/portal\/wp-json\/wp\/v2\/media\/103082"}],"wp:attachment":[{"href":"https:\/\/tvc16.com\/portal\/wp-json\/wp\/v2\/media?parent=103081"}],"wp:term":[{"taxonomy":"category","embeddable":true,"href":"https:\/\/tvc16.com\/portal\/wp-json\/wp\/v2\/categories?post=103081"},{"taxonomy":"post_tag","embeddable":true,"href":"https:\/\/tvc16.com\/portal\/wp-json\/wp\/v2\/tags?post=103081"}],"curies":[{"name":"wp","href":"https:\/\/api.w.org\/{rel}","templated":true}]}}