{"id":103084,"date":"2025-04-25T05:00:00","date_gmt":"2025-04-25T08:00:00","guid":{"rendered":"https:\/\/tvc16.com\/portal\/?p=103084"},"modified":"2025-04-24T17:48:35","modified_gmt":"2025-04-24T20:48:35","slug":"avancos-legais-ainda-contrastam-com-exploracao-do-trabalho-domestico","status":"publish","type":"post","link":"https:\/\/tvc16.com\/portal\/2025\/04\/25\/avancos-legais-ainda-contrastam-com-exploracao-do-trabalho-domestico\/","title":{"rendered":"Avan\u00e7os legais ainda contrastam com explora\u00e7\u00e3o do trabalho dom\u00e9stico"},"content":{"rendered":"\n<p>A evolu\u00e7\u00e3o da\u00a0legisla\u00e7\u00e3o em contraste com a realidade de explora\u00e7\u00e3o das trabalhadoras dom\u00e9sticas no Brasil \u00e9 um dos principais desafios de gestores p\u00fablicos e tamb\u00e9m de quem atua para impedir viola\u00e7\u00f5es de direitos dessa categoria profissional. Essa \u00e9 a avalia\u00e7\u00e3o da auditora fiscal do trabalho Carla Galv\u00e3o de Souza,\u00a0coordenadora Nacional de Fiscaliza\u00e7\u00e3o do Trabalho Dom\u00e9stico e de Cuidados, da Secretaria de Inspe\u00e7\u00e3o do Trabalho, do Minist\u00e9rio do Trabalho e Emprego<img decoding=\"async\" src=\"https:\/\/agenciabrasil.ebc.com.br\/ebc.png?id=1640130&amp;o=node\"><img decoding=\"async\" src=\"https:\/\/agenciabrasil.ebc.com.br\/ebc.gif?id=1640130&amp;o=node\"><\/p>\n\n\n\n<p>Souza participou, na \u00faltima&nbsp;quarta-feira (23), do lan\u00e7amento da Campanha Nacional pelo Trabalho Dom\u00e9stico Decente, no Recife. A iniciativa do governo federal, liderada pelo&nbsp;Minist\u00e9rio do Trabalho e Emprego (MTE),&nbsp;foi realizada&nbsp;\u00e0s v\u00e9speras do dia dessas profissionais, celebrado no pr\u00f3ximo&nbsp;domingo, 27 de abril.<\/p>\n\n\n\n<p>Apesar da data, a&nbsp;campanha \u00e9 permanente. Ao longo de todo o ano, auditores-fiscais, por exemplo, distribuem, durante suas fiscaliza\u00e7\u00f5es, cartazes informativos sobre direitos trabalhistas para condom\u00ednios residenciais exibirem&nbsp;nas \u00e1reas comuns e&nbsp;elevadores, bem como cartilhas para trabalhadoras e empregadores dom\u00e9sticos.<\/p>\n\n\n\n<p>A auditora&nbsp;Carla Galv\u00e3o de Souza explicou que&nbsp;<strong>a campanha busca mobilizar e sensibilizar a sociedade<\/strong>, promover di\u00e1logo com entidades de empregadores e da categoria, e tamb\u00e9m ampliar a fiscaliza\u00e7\u00e3o para averiguar se h\u00e1 cumprimento das obriga\u00e7\u00f5es trabalhistas que est\u00e3o na Lei Complementar 150 e na Constitui\u00e7\u00e3o Federal.<\/p>\n\n\n\n<p><strong>&gt;&gt;&gt; Saiba mais:<\/strong><\/p>\n\n\n\n<ul class=\"wp-block-list\">\n<li><strong><a href=\"https:\/\/www.planalto.gov.br\/ccivil_03\/constituicao\/emendas\/emc\/emc72.htm\" target=\"_blank\" rel=\"noreferrer noopener\">Confira a PEC das Dom\u00e9sticas, que completou 12 anos<\/a><\/strong><\/li>\n\n\n\n<li><strong><a href=\"https:\/\/www.planalto.gov.br\/ccivil_03\/leis\/lcp\/lcp150.htm\" target=\"_blank\" rel=\"noreferrer noopener\">Conhe\u00e7a tamb\u00e9m\u00a0a regulamenta\u00e7\u00e3o da PEC, que faz 10 anos em junho<\/a><\/strong><\/li>\n<\/ul>\n\n\n\n<p>Carla Galv\u00e3o de Souza ressalta que h\u00e1 avan\u00e7os a&nbsp;celebrar, principalmente&nbsp;em rela\u00e7\u00e3o \u00e0 valoriza\u00e7\u00e3o cada vez maior dos direitos para essa categoria. Ela tamb\u00e9m destaca que a divulga\u00e7\u00e3o desses direitos tem sido expressiva na repercuss\u00e3o de casos de resgates de pessoas em situa\u00e7\u00e3o an\u00e1loga \u00e0 escravid\u00e3o.&nbsp;<\/p>\n\n\n\n<p>A auditora recordou que,&nbsp;<strong>em 1\u00ba de maio de 2024, houve a publica\u00e7\u00e3o da&nbsp;<a href=\"https:\/\/www2.camara.leg.br\/legin\/fed\/decret\/2024\/decreto-12009-1-maio-2024-795553-publicacaooriginal-171656-pe.html\" target=\"_blank\" rel=\"noreferrer noopener\">Lei 12.009<\/a>, em prol do trabalho dom\u00e9stico decente<\/strong>. \u201cFoi um grande ganho dos \u00faltimos anos. O nosso desafio agora \u00e9 realmente coloc\u00e1-la em pr\u00e1tica. Ainda hoje n\u00f3s temos direitos que n\u00e3o s\u00e3o iguais para as trabalhadoras dom\u00e9sticas\u201d, afirmou.<\/p>\n\n\n\n<h2 class=\"wp-block-heading\">Caminho de direitos<\/h2>\n\n\n\n<p><strong>Um exemplo \u00e9 o&nbsp;seguro-desemprego&nbsp;para trabalhadoras dom\u00e9sticas,&nbsp;restrito a tr\u00eas parcelas \u2500 os outros trabalhadores recebem durante cinco meses<\/strong>. Outro problema, pontua a auditora, \u00e9 que&nbsp;h\u00e1 ainda pessoas ganhando menos de um sal\u00e1rio m\u00ednimo.&nbsp;<\/p>\n\n\n\n<blockquote class=\"wp-block-quote is-layout-flow wp-block-quote-is-layout-flow\">\n<p>\u201cA \u00faltima Pnad aponta que, em algumas regi\u00f5es do pa\u00eds, se ganha menos do que um sal\u00e1rio m\u00ednimo. Isso \u00e9 uma problem\u00e1tica grande que a gente tem que enfrentar\u201d.<\/p>\n<\/blockquote>\n\n\n\n<p><strong>Em 2022, por exemplo, o rendimento m\u00e9dio mensal de todas as trabalhadoras dom\u00e9sticas foi de R$1.018, abaixo do sal\u00e1rio-m\u00ednimo que era de R$ 1.212<\/strong>. Al\u00e9m disso, as trabalhadoras brancas receberam em m\u00e9dia R$ 1.145, enquanto as trabalhadoras negras receberam R$ 955.<\/p>\n\n\n\n<h2 class=\"wp-block-heading\">Jornadas&nbsp;<\/h2>\n\n\n\n<p><strong>Algo que tem sido observado pelos auditores \u00e9 a falta de controle das jornadas, o que incluem os casos, por exemplo, de pessoas que dormem na casa do patr\u00e3o, sem que haja um fim do expediente<\/strong>.<\/p>\n\n\n\n<blockquote class=\"wp-block-quote is-layout-flow wp-block-quote-is-layout-flow\">\n<p>\u201cIsso inviabiliza que trabalhadoras tenham o seu direito de horas extras, de adicional noturno, de folga nos feriados\u201d.&nbsp;<\/p>\n<\/blockquote>\n\n\n\n<p>A auditora fiscal do trabalho lembra que a&nbsp;garantia de direitos&nbsp;da categoria teve um baque durante a pandemia, com diminui\u00e7\u00e3o no n\u00famero de trabalhadoras registradas, e que&nbsp;o&nbsp;cen\u00e1rio n\u00e3o se reverteu.<\/p>\n\n\n\n<p>&#8220;N\u00f3s continuamos ainda com um n\u00famero muito alto de pessoas tidas como diaristas\u201d, lamenta.<\/p>\n\n\n\n<p><strong>A auditora explica que h\u00e1 5,8 milh\u00f5es de trabalhadores&nbsp;dom\u00e9sticos no pa\u00eds, e que as mulheres s\u00e3o 90%.<\/strong>&nbsp;\u201cA maioria s\u00e3o mulheres pretas ou pardas. E est\u00e3o na faixa et\u00e1ria entre 40 e 60 anos\u201d.&nbsp;<\/p>\n\n\n\n<h2 class=\"wp-block-heading\">Sem registros<\/h2>\n\n\n\n<p>A falta de registros dos trabalhadores dom\u00e9sticos \u00e9 a principal preocupa\u00e7\u00e3o dos fiscais, segundo a coordenadora Nacional de Fiscaliza\u00e7\u00e3o do Trabalho Dom\u00e9stico e de Cuidados.&nbsp;<\/p>\n\n\n\n<blockquote class=\"wp-block-quote is-layout-flow wp-block-quote-is-layout-flow\">\n<p>\u201cA categoria do trabalhador dom\u00e9stico \u00e9 uma categoria que ainda tem altos \u00edndices de informalidade, cerca de 60%&#8221;, descreve.&nbsp;\u201cMuitos empregadores acabam pagando por fora&nbsp;o valor de um dia trabalhado, ou um feriado trabalhado extra. Por isso, n\u00e3o h\u00e1 o pagamento na folha de pagamento no e-social de forma correta. Outros desrespeitos&nbsp;s\u00e3o aos direitos ao 13\u00ba sal\u00e1rio e \u00e0s f\u00e9rias remuneradas\u201d<\/p>\n<\/blockquote>\n\n\n\n<p>Ela critica ainda que h\u00e1 uma vis\u00e3o dos empregadores sobre quem presta servi\u00e7o dom\u00e9stico&nbsp;de que h\u00e1 servid\u00e3o, sem que sejam reconhecidos o conhecimento pr\u00e9vio e a profissionaliza\u00e7\u00e3o.<\/p>\n\n\n\n<p>\u201cEssa falta de reconhecimento, de valoriza\u00e7\u00e3o do trabalho e do n\u00edvel de profissionaliza\u00e7\u00e3o que \u00e9 exigido, \u00e9 o que mais me impressiona. \u00c9 como se as pessoas trabalhadoras fossem vistas como substitu\u00edveis a qualquer tempo e\u00a0como se esse\u00a0saber fosse descart\u00e1vel\u201d.<\/p>\n\n\n\n<p>Luiz Claudio Ferreira &#8211; rep\u00f3rter da Ag\u00eancia Brasil<br>Foto: \u00a9 Pixabay<\/p>\n","protected":false},"excerpt":{"rendered":"<p>A evolu\u00e7\u00e3o da\u00a0legisla\u00e7\u00e3o em contraste com a realidade de explora\u00e7\u00e3o das trabalhadoras dom\u00e9sticas no Brasil<\/p>\n","protected":false},"author":2,"featured_media":103085,"comment_status":"open","ping_status":"open","sticky":false,"template":"","format":"standard","meta":{"footnotes":""},"categories":[17],"tags":[],"class_list":["post-103084","post","type-post","status-publish","format-standard","has-post-thumbnail","hentry","category-outras-noticias"],"_links":{"self":[{"href":"https:\/\/tvc16.com\/portal\/wp-json\/wp\/v2\/posts\/103084","targetHints":{"allow":["GET"]}}],"collection":[{"href":"https:\/\/tvc16.com\/portal\/wp-json\/wp\/v2\/posts"}],"about":[{"href":"https:\/\/tvc16.com\/portal\/wp-json\/wp\/v2\/types\/post"}],"author":[{"embeddable":true,"href":"https:\/\/tvc16.com\/portal\/wp-json\/wp\/v2\/users\/2"}],"replies":[{"embeddable":true,"href":"https:\/\/tvc16.com\/portal\/wp-json\/wp\/v2\/comments?post=103084"}],"version-history":[{"count":1,"href":"https:\/\/tvc16.com\/portal\/wp-json\/wp\/v2\/posts\/103084\/revisions"}],"predecessor-version":[{"id":103086,"href":"https:\/\/tvc16.com\/portal\/wp-json\/wp\/v2\/posts\/103084\/revisions\/103086"}],"wp:featuredmedia":[{"embeddable":true,"href":"https:\/\/tvc16.com\/portal\/wp-json\/wp\/v2\/media\/103085"}],"wp:attachment":[{"href":"https:\/\/tvc16.com\/portal\/wp-json\/wp\/v2\/media?parent=103084"}],"wp:term":[{"taxonomy":"category","embeddable":true,"href":"https:\/\/tvc16.com\/portal\/wp-json\/wp\/v2\/categories?post=103084"},{"taxonomy":"post_tag","embeddable":true,"href":"https:\/\/tvc16.com\/portal\/wp-json\/wp\/v2\/tags?post=103084"}],"curies":[{"name":"wp","href":"https:\/\/api.w.org\/{rel}","templated":true}]}}