{"id":103090,"date":"2025-04-25T05:00:00","date_gmt":"2025-04-25T08:00:00","guid":{"rendered":"https:\/\/tvc16.com\/portal\/?p=103090"},"modified":"2025-04-24T18:07:17","modified_gmt":"2025-04-24T21:07:17","slug":"petrobras-avanca-em-acordo-para-reassumir-fabricas-de-fertilizantes","status":"publish","type":"post","link":"https:\/\/tvc16.com\/portal\/2025\/04\/25\/petrobras-avanca-em-acordo-para-reassumir-fabricas-de-fertilizantes\/","title":{"rendered":"Petrobras avan\u00e7a em acordo para reassumir f\u00e1bricas de fertilizantes"},"content":{"rendered":"\n<p><strong>A&nbsp;<a href=\"https:\/\/agenciabrasil.ebc.com.br\/tags\/petrobras\" target=\"_blank\" rel=\"noreferrer noopener\">Petrobras<\/a>&nbsp;confirmou que autorizou acordo para reassumir a posse e a produ\u00e7\u00e3o de duas f\u00e1bricas de fertilizantes, na Bahia e em Sergipe, que est\u00e3o paradas desde 2023.<\/strong>&nbsp;As duas unidades est\u00e3o arrendadas \u00e0 iniciativa privada desde 2020.<img decoding=\"async\" src=\"https:\/\/agenciabrasil.ebc.com.br\/ebc.png?id=1640124&amp;o=node\"><img decoding=\"async\" src=\"https:\/\/agenciabrasil.ebc.com.br\/ebc.gif?id=1640124&amp;o=node\"><\/p>\n\n\n\n<p>A confirma\u00e7\u00e3o da estatal foi feita por meio de&nbsp;<a href=\"https:\/\/api.mziq.com\/mzfilemanager\/v2\/d\/25fdf098-34f5-4608-b7fa-17d60b2de47d\/daa0c52c-f5f9-76c1-600f-5aaed000ab4d?origin=1\" target=\"_blank\" rel=\"noreferrer noopener\">comunicado ao mercado<\/a>&nbsp;referente a&nbsp;uma consulta da Comiss\u00e3o de Valores Mobili\u00e1rios (CVM) sobre not\u00edcia divulgada pelo jornal&nbsp;<em>O Estado de S.&nbsp;Paulo<\/em>, no \u00faltimo s\u00e1bado (19). A CVM \u00e9 uma autarquia ligada ao Minist\u00e9rio da Fazenda e tem, entre outras fun\u00e7\u00f5es, a de fiscalizar o mercado de valores, protegendo os investidores.<\/p>\n\n\n\n<p>Na resposta, a Petrobras informa que o Conselho de Administra\u00e7\u00e3o da companhia autorizou celebra\u00e7\u00e3o de acordo para encerrar \u201ccontrov\u00e9rsias contratuais e lit\u00edgios\u201d com a Proquigel, restabelecer a posse e retomar as atividades nas f\u00e1bricas de fertilizantes de Cama\u00e7ari (BA) e Laranjeiras (SE).<\/p>\n\n\n\n<p>A Proquigel \u00e9 uma subsidi\u00e1ria da Unigel, uma das maiores empresas qu\u00edmicas do pa\u00eds, que tem f\u00e1brica tamb\u00e9m no M\u00e9xico.<\/p>\n\n\n\n<h2 class=\"wp-block-heading\">Fim da disputa<\/h2>\n\n\n\n<p><strong>Segundo a Petrobras, o acordo tem o objetivo de \u201calcan\u00e7ar uma solu\u00e7\u00e3o definitiva, rent\u00e1vel e vi\u00e1vel para o suprimento de fertilizantes ao mercado brasileiro\u201d.<\/strong><\/p>\n\n\n\n<p>O comunicado afirma que o acordo precisa ainda de aprova\u00e7\u00e3o da Proquigel. Ap\u00f3s isso, continua a estatal, ser\u00e1 realizada uma licita\u00e7\u00e3o para contrata\u00e7\u00e3o de servi\u00e7os de opera\u00e7\u00e3o e&nbsp;manuten\u00e7\u00e3o das duas f\u00e1bricas.<\/p>\n\n\n\n<p>O Conselho de Administra\u00e7\u00e3o condicionou ainda o neg\u00f3cio ao cumprimento de condi\u00e7\u00f5es precedentes, n\u00e3o detalhadas no comunicado ao mercado. Concretizado o neg\u00f3cio, ambas empresas abrir\u00e3o m\u00e3o de disputas contratuais em Tribunal Arbitral (forma alternativa de resolu\u00e7\u00e3o de conflitos, que resolve disputas por meio de arbitragem, utilizando \u00e1rbitros em vez de ju\u00edzes).<\/p>\n\n\n\n<h2 class=\"wp-block-heading\">Retomada<\/h2>\n\n\n\n<p><strong>As duas f\u00e1bricas foram arrendadas pela estatal em 2019, mas est\u00e3o paradas desde 2023 por causa de dificuldades financeiras.<\/strong>&nbsp;A busca pelo acordo de retomada segue, segundo a Petrobras, o plano de neg\u00f3cios da companhia, que prev\u00ea \u201ccapturar valor com a produ\u00e7\u00e3o e a comercializa\u00e7\u00e3o de produtos nitrogenados, conciliando com a cadeia de produ\u00e7\u00e3o de \u00f3leo e g\u00e1s natural e a transi\u00e7\u00e3o energ\u00e9tica\u201d.<\/p>\n\n\n\n<p>Os fertilizantes nitrogenados, como ureia, s\u00e3o bastante usados por produtores agr\u00edcolas. Para a produ\u00e7\u00e3o dos fertilizantes, \u00e9 preciso mat\u00e9ria-prima resultante do g\u00e1s natural, produzido pela Petrobras.<\/p>\n\n\n\n<p><strong>O Brasil \u00e9 um dos principais consumidores de fertilizantes do mundo e importa cerca de 80% do volume que utiliza.&nbsp;<\/strong>Na primeira entrevista ap\u00f3s assumir o cargo, em maio de 2024, a presidente da Petrobras, Magda Chambriard,&nbsp;<a href=\"https:\/\/agenciabrasil.ebc.com.br\/economia\/noticia\/2024-05\/chambriard-aposta-em-fertilizante-petrobras-nao-vai-rasgar-dinheiro\" target=\"_blank\" rel=\"noreferrer noopener\">manifestou o interesse<\/a>&nbsp;da estatal em investir na produ\u00e7\u00e3o dom\u00e9stica do insumo agr\u00edcola.<\/p>\n\n\n\n<p>Em agosto do ano passado, a Petrobras&nbsp;<a href=\"https:\/\/agenciabrasil.ebc.com.br\/politica\/noticia\/2024-08\/com-r-870-mi-investidos-fabrica-de-fertilizantes-e-reativada-no-pr\" target=\"_blank\" rel=\"noreferrer noopener\">reativou a f\u00e1brica de fertilizantes Arauc\u00e1ria Nitrogenados S.A. (Ansa)<\/a>, no Paran\u00e1, em cerim\u00f4nia que contou com a presen\u00e7a do presidente Luiz In\u00e1cio Lula da Silva. A unidade estava fechada desde 2020.<\/p>\n\n\n\n<h2 class=\"wp-block-heading\">Empregos<\/h2>\n\n\n\n<p>A F\u00e1brica de Fertilizantes Nitrogenados de Sergipe (Fafen-Se) tem capacidade instalada de produ\u00e7\u00e3o de 1,8 mil toneladas de ureia por dia e pode comercializar am\u00f4nia, g\u00e1s carb\u00f4nico e sulfato de am\u00f4nio. A Fafen-BA possui capacidade instalada de produ\u00e7\u00e3o de ureia de 1,3 mil toneladas por dia, e pode comercializar am\u00f4nia, g\u00e1s carb\u00f4nico e agente redutor l\u00edquido automotivo (Arla 32).<\/p>\n\n\n\n<p>A Federa\u00e7\u00e3o \u00danica dos Trabalhadores (FUP), que representa sindicatos ligados \u00e0 Petrobras, emitiu nesta quinta-feira (24) nota em que comemora a aprova\u00e7\u00e3o do Conselho de Administra\u00e7\u00e3o.<\/p>\n\n\n\n<p>\u201cSer\u00e1 consolidada a volta da Petrobras ao setor de fertilizantes, contribuindo para o abastecimento interno do insumo\u201d, registra a entidade, que afirma ter participado de um grupo de trabalho (GT) sobre fertilizantes na empresa.<\/p>\n\n\n\n<p><strong>\u201cSer\u00e3o [criados] cerca de 2,4 mil empregos diretos e indiretos nas duas f\u00e1bricas\u201d, estima a FUP, que acredita que as opera\u00e7\u00f5es podem ser retomadas a partir de outubro.<\/strong><\/p>\n\n\n\n<p>Os petroleiros apontam tamb\u00e9m rela\u00e7\u00e3o entre a interrup\u00e7\u00e3o da produ\u00e7\u00e3o das duas f\u00e1bricas e a necessidade de importa\u00e7\u00e3o de fertilizantes do Leste Europeu (onde acontece a invas\u00e3o da Ucr\u00e2nia pela R\u00fassia) com o pre\u00e7o de alimentos. A R\u00fassia \u00e9 um dos principais exportadores para o Brasil.<\/p>\n\n\n\n<p>\u201cEnquanto a produ\u00e7\u00e3o nacional de fertilizantes tem sua retomada atrasada, os alimentos s\u00e3o diretamente impactados, pois, com a escassez do insumo e consequente alta dos pre\u00e7os, tanto o m\u00e9dio produtor quanto a agricultura familiar perdem em produtividade e capacidade de expandir e ofertar alimentos com custos finais condizentes com o poder de compra do consumidor brasileiro\u201d, avalia a FUP.<\/p>\n\n\n\n<p>Bruno de Freitas Moura &#8211; Rep\u00f3rter da Ag\u00eancia Brasil<br>Foto: \u00a9 Fernando Fraz\u00e3o\/Ag\u00eancia Brasil<br><\/p>\n","protected":false},"excerpt":{"rendered":"<p>A&nbsp;Petrobras&nbsp;confirmou que autorizou acordo para reassumir a posse e a produ\u00e7\u00e3o de duas f\u00e1bricas de<\/p>\n","protected":false},"author":2,"featured_media":103091,"comment_status":"open","ping_status":"open","sticky":false,"template":"","format":"standard","meta":{"footnotes":""},"categories":[17],"tags":[],"class_list":["post-103090","post","type-post","status-publish","format-standard","has-post-thumbnail","hentry","category-outras-noticias"],"_links":{"self":[{"href":"https:\/\/tvc16.com\/portal\/wp-json\/wp\/v2\/posts\/103090","targetHints":{"allow":["GET"]}}],"collection":[{"href":"https:\/\/tvc16.com\/portal\/wp-json\/wp\/v2\/posts"}],"about":[{"href":"https:\/\/tvc16.com\/portal\/wp-json\/wp\/v2\/types\/post"}],"author":[{"embeddable":true,"href":"https:\/\/tvc16.com\/portal\/wp-json\/wp\/v2\/users\/2"}],"replies":[{"embeddable":true,"href":"https:\/\/tvc16.com\/portal\/wp-json\/wp\/v2\/comments?post=103090"}],"version-history":[{"count":1,"href":"https:\/\/tvc16.com\/portal\/wp-json\/wp\/v2\/posts\/103090\/revisions"}],"predecessor-version":[{"id":103092,"href":"https:\/\/tvc16.com\/portal\/wp-json\/wp\/v2\/posts\/103090\/revisions\/103092"}],"wp:featuredmedia":[{"embeddable":true,"href":"https:\/\/tvc16.com\/portal\/wp-json\/wp\/v2\/media\/103091"}],"wp:attachment":[{"href":"https:\/\/tvc16.com\/portal\/wp-json\/wp\/v2\/media?parent=103090"}],"wp:term":[{"taxonomy":"category","embeddable":true,"href":"https:\/\/tvc16.com\/portal\/wp-json\/wp\/v2\/categories?post=103090"},{"taxonomy":"post_tag","embeddable":true,"href":"https:\/\/tvc16.com\/portal\/wp-json\/wp\/v2\/tags?post=103090"}],"curies":[{"name":"wp","href":"https:\/\/api.w.org\/{rel}","templated":true}]}}