{"id":103094,"date":"2025-04-25T08:51:13","date_gmt":"2025-04-25T11:51:13","guid":{"rendered":"https:\/\/tvc16.com\/portal\/?p=103094"},"modified":"2025-04-25T08:51:14","modified_gmt":"2025-04-25T11:51:14","slug":"ex-presidente-fernando-collor-e-preso-em-maceio","status":"publish","type":"post","link":"https:\/\/tvc16.com\/portal\/2025\/04\/25\/ex-presidente-fernando-collor-e-preso-em-maceio\/","title":{"rendered":"Ex-presidente Fernando Collor \u00e9 preso em Macei\u00f3"},"content":{"rendered":"\n<p><em>Pris\u00e3o ocorreu a caminho do aeroporto onde embarcaria para Bras\u00edlia<\/em><\/p>\n\n\n\n<p>Por Vitor Abdala &#8211; Rep\u00f3rter da Ag\u00eancia Brasil \/ Foto: ABR; Valter Campanato\/Ag\u00eancia Brasil<\/p>\n\n\n\n<p><\/p>\n\n\n\n<p>O ex-presidente da Rep\u00fablica Fernando Collor de Mello foi preso na manh\u00e3 desta sexta-feira (25) em Macei\u00f3. Segundo sua defesa, a pris\u00e3o ocorreu&nbsp;\u00e0s 4h, quando o pol\u00edtico se deslocava para Bras\u00edlia.<img decoding=\"async\" src=\"https:\/\/agenciabrasil.ebc.com.br\/ebc.png?id=1640218&amp;o=node\"><img decoding=\"async\" src=\"https:\/\/agenciabrasil.ebc.com.br\/ebc.gif?id=1640218&amp;o=node\"><\/p>\n\n\n\n<p><strong>Ainda de acordo com a defesa de Collor, que tamb\u00e9m \u00e9 ex-senador, ele se deslocava para Bras\u00edlia para o cumprimento espont\u00e2neo do mandado de pris\u00e3o.<\/strong><\/p>\n\n\n\n<p>Depois da pris\u00e3o, o ex-presidente&nbsp;foi encaminhado para a Superintend\u00eancia da Pol\u00edcia Federal em Alagoas.<\/p>\n\n\n\n<p><strong>A pris\u00e3o de Collor foi determinada pelo ministro do Supremo Tribunal Federal (STF)&nbsp;<a href=\"https:\/\/agenciabrasil.ebc.com.br\/justica\/noticia\/2025-04\/moraes-manda-prender-ex-presidente-fernando-collor\" target=\"_blank\" rel=\"noreferrer noopener\">Alexandre de Moraes<\/a>, ap\u00f3s negar recurso da defesa para rever uma condena\u00e7\u00e3o, de 2023, a 8 anos e 10 meses de pris\u00e3o por corrup\u00e7\u00e3o passiva e lavagem de dinheiro.<\/strong><br><\/p>\n","protected":false},"excerpt":{"rendered":"<p>Pris\u00e3o ocorreu a caminho do aeroporto onde embarcaria para Bras\u00edlia Por Vitor Abdala &#8211; Rep\u00f3rter<\/p>\n","protected":false},"author":2,"featured_media":103095,"comment_status":"open","ping_status":"open","sticky":false,"template":"","format":"standard","meta":{"footnotes":""},"categories":[17],"tags":[],"class_list":["post-103094","post","type-post","status-publish","format-standard","has-post-thumbnail","hentry","category-outras-noticias"],"_links":{"self":[{"href":"https:\/\/tvc16.com\/portal\/wp-json\/wp\/v2\/posts\/103094","targetHints":{"allow":["GET"]}}],"collection":[{"href":"https:\/\/tvc16.com\/portal\/wp-json\/wp\/v2\/posts"}],"about":[{"href":"https:\/\/tvc16.com\/portal\/wp-json\/wp\/v2\/types\/post"}],"author":[{"embeddable":true,"href":"https:\/\/tvc16.com\/portal\/wp-json\/wp\/v2\/users\/2"}],"replies":[{"embeddable":true,"href":"https:\/\/tvc16.com\/portal\/wp-json\/wp\/v2\/comments?post=103094"}],"version-history":[{"count":1,"href":"https:\/\/tvc16.com\/portal\/wp-json\/wp\/v2\/posts\/103094\/revisions"}],"predecessor-version":[{"id":103096,"href":"https:\/\/tvc16.com\/portal\/wp-json\/wp\/v2\/posts\/103094\/revisions\/103096"}],"wp:featuredmedia":[{"embeddable":true,"href":"https:\/\/tvc16.com\/portal\/wp-json\/wp\/v2\/media\/103095"}],"wp:attachment":[{"href":"https:\/\/tvc16.com\/portal\/wp-json\/wp\/v2\/media?parent=103094"}],"wp:term":[{"taxonomy":"category","embeddable":true,"href":"https:\/\/tvc16.com\/portal\/wp-json\/wp\/v2\/categories?post=103094"},{"taxonomy":"post_tag","embeddable":true,"href":"https:\/\/tvc16.com\/portal\/wp-json\/wp\/v2\/tags?post=103094"}],"curies":[{"name":"wp","href":"https:\/\/api.w.org\/{rel}","templated":true}]}}