{"id":103102,"date":"2025-04-25T09:03:38","date_gmt":"2025-04-25T12:03:38","guid":{"rendered":"https:\/\/tvc16.com\/portal\/?p=103102"},"modified":"2025-04-25T09:03:39","modified_gmt":"2025-04-25T12:03:39","slug":"procon-sp-multa-nestle-em-r-13-milhoes-por-propaganda-enganosa","status":"publish","type":"post","link":"https:\/\/tvc16.com\/portal\/2025\/04\/25\/procon-sp-multa-nestle-em-r-13-milhoes-por-propaganda-enganosa\/","title":{"rendered":"Procon-SP multa Nestl\u00e9 em R$ 13 milh\u00f5es por propaganda enganosa"},"content":{"rendered":"\n<p><em>Empresa diz que n\u00e3o vende mais os produtos em quest\u00e3o<\/em><\/p>\n\n\n\n<p>Por Ag\u00eancia Brasil \/ Foto: Prefeitura de S\u00e3o Jos\u00e9 dos Campos\/Divulga\u00e7\u00e3o<\/p>\n\n\n\n<p><\/p>\n\n\n\n<p><strong>O Procon-SP autuou&nbsp;a empresa Nestl\u00e9 por publicidade enganosa<\/strong>. A multa \u00e9 de R$ 13 milh\u00f5es, calculada com base no artigo 56 do C\u00f3digo de Defesa do Consumidor. A empresa de alimentos pode recorrer da decis\u00e3o.<img decoding=\"async\" src=\"https:\/\/agenciabrasil.ebc.com.br\/ebc.png?id=1640197&amp;o=node\"><img decoding=\"async\" src=\"https:\/\/agenciabrasil.ebc.com.br\/ebc.gif?id=1640197&amp;o=node\"><\/p>\n\n\n\n<p>De acordo com o Procon, a empresa disponibilizou no mercado produtos que&nbsp;<strong>\u201cn\u00e3o possu\u00edam ingredientes anunciados na embalagem, caracterizando infra\u00e7\u00e3o ao C\u00f3digo de Defesa do Consumidor\u201d.<\/strong><\/p>\n\n\n\n<p>A publicidade supostamente enganosa, de acordo com a entidade de defesa do consumidor,&nbsp;estaria nos r\u00f3tulos dos produtos&nbsp;<strong>Biscoito Nesfit Aveia e Mel e Biscoito Nesfit Leite e Mel, Nesfit Cookie Cacau, Aveia e Mel.<\/strong><\/p>\n\n\n\n<p>Tamb\u00e9m foi analisado o produto Mistura de Creme de Leite, cuja composi\u00e7\u00e3o \u00e9 Mistura de UHT de Creme de Leite e Soro de leite, e faz parte do pacote de autua\u00e7\u00f5es feitas pelo Procon-SP.&nbsp;<strong>Para a entidade, \u201co consumidor foi claramente induzido a erro quanto \u00e0s caracter\u00edsticas e \u00e0 composi\u00e7\u00e3o dos referidos produtos\u201d.<\/strong><\/p>\n\n\n\n<h2 class=\"wp-block-heading\">Nestl\u00e9<\/h2>\n\n\n\n<p>Em nota, a Nestl\u00e9 afirmou que cumpre as legisla\u00e7\u00f5es vigentes, incluindo as normas relacionadas \u00e0 rotulagem e comunica\u00e7\u00e3o de seus produtos. &#8220;Em rela\u00e7\u00e3o aos itens mencionados, cabe destacar que os biscoitos \u201cNesfit Aveia e Mel\u201d, \u201cNesfit Leite e Mel\u201d e \u201cNesfit Cookie Cacau, Aveia e Mel\u201d n\u00e3o fazem mais parte do portf\u00f3lio da empresa, tendo sido descontinuados em 2022. O mesmo ocorre com a &#8220;Mistura de Creme de Leite&#8221;, que n\u00e3o \u00e9 comercializada pela companhia desde 2023\u201d.<\/p>\n\n\n\n<p>&nbsp;A empresa disse ainda que&nbsp; vai apresentar defesa \u00e0s autoridades&nbsp;\u201crefor\u00e7ando seu compromisso com a \u00e9tica e a transpar\u00eancia na publicidade de seus produtos, bem como sua atua\u00e7\u00e3o em conformidade com os princ\u00edpios do C\u00f3digo de Defesa do Consumidor.\u201d<\/p>\n\n\n\n<h2 class=\"wp-block-heading\">P\u00e1scoa<\/h2>\n\n\n\n<p>O Procon-SP tamb\u00e9m divulgou nesta quinta-feira (24) um balan\u00e7o das autua\u00e7\u00f5es de irregularidades na comercializa\u00e7\u00e3o de produtos para a P\u00e1scoa.<\/p>\n\n\n\n<p>Foram verificados 493 locais, sendo 197 na Capital e 296 em cidades do interior e litoral. Na Capital, foram constatados problemas em 16% dos estabelecimentos visitados (31 de 197 visitados) e nos demais munic\u00edpios do interior, em 44% (131 de 296 visitados).<\/p>\n\n\n\n<p>Na cidade de S\u00e3o Paulo, os principais problemas constatados pelas equipes foram a aus\u00eancia de informa\u00e7\u00e3o do pre\u00e7o, problemas ao informar sobre a lista de ingredientes e sobre a presen\u00e7a ou n\u00e3o de gl\u00faten.<\/p>\n\n\n\n<p>Nas cidades do interior e litoral, a maior parte das infra\u00e7\u00f5es diziam respeito \u00e0 falta de informa\u00e7\u00e3o de prazo de validade ou validade vencida, seguida por aus\u00eancia ou inadequa\u00e7\u00e3o de informa\u00e7\u00e3o de pre\u00e7o.&nbsp;<br><\/p>\n","protected":false},"excerpt":{"rendered":"<p>Empresa diz que n\u00e3o vende mais os produtos em quest\u00e3o Por Ag\u00eancia Brasil \/ Foto:<\/p>\n","protected":false},"author":2,"featured_media":103103,"comment_status":"open","ping_status":"open","sticky":false,"template":"","format":"standard","meta":{"footnotes":""},"categories":[17],"tags":[],"class_list":["post-103102","post","type-post","status-publish","format-standard","has-post-thumbnail","hentry","category-outras-noticias"],"_links":{"self":[{"href":"https:\/\/tvc16.com\/portal\/wp-json\/wp\/v2\/posts\/103102","targetHints":{"allow":["GET"]}}],"collection":[{"href":"https:\/\/tvc16.com\/portal\/wp-json\/wp\/v2\/posts"}],"about":[{"href":"https:\/\/tvc16.com\/portal\/wp-json\/wp\/v2\/types\/post"}],"author":[{"embeddable":true,"href":"https:\/\/tvc16.com\/portal\/wp-json\/wp\/v2\/users\/2"}],"replies":[{"embeddable":true,"href":"https:\/\/tvc16.com\/portal\/wp-json\/wp\/v2\/comments?post=103102"}],"version-history":[{"count":1,"href":"https:\/\/tvc16.com\/portal\/wp-json\/wp\/v2\/posts\/103102\/revisions"}],"predecessor-version":[{"id":103104,"href":"https:\/\/tvc16.com\/portal\/wp-json\/wp\/v2\/posts\/103102\/revisions\/103104"}],"wp:featuredmedia":[{"embeddable":true,"href":"https:\/\/tvc16.com\/portal\/wp-json\/wp\/v2\/media\/103103"}],"wp:attachment":[{"href":"https:\/\/tvc16.com\/portal\/wp-json\/wp\/v2\/media?parent=103102"}],"wp:term":[{"taxonomy":"category","embeddable":true,"href":"https:\/\/tvc16.com\/portal\/wp-json\/wp\/v2\/categories?post=103102"},{"taxonomy":"post_tag","embeddable":true,"href":"https:\/\/tvc16.com\/portal\/wp-json\/wp\/v2\/tags?post=103102"}],"curies":[{"name":"wp","href":"https:\/\/api.w.org\/{rel}","templated":true}]}}