{"id":103107,"date":"2025-04-26T05:00:00","date_gmt":"2025-04-26T08:00:00","guid":{"rendered":"https:\/\/tvc16.com\/portal\/?p=103107"},"modified":"2025-04-25T09:06:35","modified_gmt":"2025-04-25T12:06:35","slug":"caso-marielle-moraes-mantem-prisao-de-brazao-e-rivaldo-barbosa","status":"publish","type":"post","link":"https:\/\/tvc16.com\/portal\/2025\/04\/26\/caso-marielle-moraes-mantem-prisao-de-brazao-e-rivaldo-barbosa\/","title":{"rendered":"Caso Marielle: Moraes mant\u00e9m pris\u00e3o de Braz\u00e3o e Rivaldo Barbosa"},"content":{"rendered":"\n<p><em>Eles est\u00e3o presos desde mar\u00e7o do ano passado em pres\u00eddios federais<\/em><\/p>\n\n\n\n<p>Por Andr\u00e9 Richter &#8211; Rep\u00f3rter da Ag\u00eancia Brasil \/ Foto: Ant\u00f4nio Cruz\/ Ag\u00eancia Brasil\/Arquivo<\/p>\n\n\n\n<p><\/p>\n\n\n\n<p>O ministro Alexandre de Moraes, do Supremo Tribunal Federal (STF), decidiu manter a pris\u00e3o de dois acusados de serem mandantes no assassinato da vereadora Marielle Franco e do motorista Anderson Gomes, em 2018. A \u00edntegra do despacho ainda n\u00e3o foi divulgada.<img decoding=\"async\" src=\"https:\/\/agenciabrasil.ebc.com.br\/ebc.png?id=1640194&amp;o=node\"><img decoding=\"async\" src=\"https:\/\/agenciabrasil.ebc.com.br\/ebc.gif?id=1640194&amp;o=node\"><\/p>\n\n\n\n<p>Na decis\u00e3o proferida nesta quinta-feira (24),<strong>&nbsp;Moraes manteve a pris\u00e3o preventiva do conselheiro do Tribunal de Contas do Rio de Janeiro (TCE-RJ) Domingos Braz\u00e3o e do ex-chefe da Pol\u00edcia Civil do Rio de Janeiro Rivaldo Barbosa<\/strong>. Eles est\u00e3o&nbsp;<a href=\"https:\/\/agenciabrasil.ebc.com.br\/direitos-humanos\/noticia\/2025-03\/sete-anos-sem-marielle-saiba-quem-sao-os-envolvidos-no-crime\" target=\"_blank\" rel=\"noreferrer noopener\">presos desde mar\u00e7o do ano<\/a>&nbsp;passado em pres\u00eddios federais.<\/p>\n\n\n\n<p>Os pedidos de soltura foram feitos ap\u00f3s a decis\u00e3o do ministro que&nbsp;<a href=\"https:\/\/agenciabrasil.ebc.com.br\/justica\/noticia\/2025-04\/moraes-concede-prisao-domiciliar-ao-deputado-chiquinho-brazao\" target=\"_blank\" rel=\"noreferrer noopener\">concedeu pris\u00e3o domiciliar<\/a>&nbsp;a outro acusado pelo assassinato da vereadora, o deputado federal Chiquinho Braz\u00e3o (Sem partido-RJ).<\/p>\n\n\n\n<p>De acordo com a investiga\u00e7\u00e3o realizada pela Pol\u00edcia Federal, o assassinato de Marielle est\u00e1 relacionado ao posicionamento contr\u00e1rio da parlamentar aos interesses do grupo pol\u00edtico liderado pelos irm\u00e3os Braz\u00e3o, que t\u00eam liga\u00e7\u00e3o com quest\u00f5es fundi\u00e1rias em \u00e1reas controladas por mil\u00edcias no Rio. Desde o in\u00edcio das investiga\u00e7\u00f5es, os acusados negam participa\u00e7\u00e3o no crime.<\/p>\n\n\n\n<p>No in\u00edcio deste m\u00eas, o ministro Alexandre de Moraes concedeu prazo de 30 dias para apresenta\u00e7\u00e3o das alega\u00e7\u00f5es finais na a\u00e7\u00e3o penal que trata do assassinato de Marielle.<\/p>\n\n\n\n<p>As alega\u00e7\u00f5es finais fazem parte da \u00faltima etapa antes do julgamento do processo. O prazo dever\u00e1 ser cumprido pela Procuradoria-Geral da Rep\u00fablica (PGR) e as defesas dos r\u00e9us.<\/p>\n\n\n\n<p>Ap\u00f3s a entrega das manifesta\u00e7\u00f5es, Moraes vai elaborar o voto sobre a quest\u00e3o e marcar a data do julgamento, que vai definir pela condena\u00e7\u00e3o ou absolvi\u00e7\u00e3o dos acusados.<\/p>\n\n\n\n<p>O caso pode ser julgado pela Corte no segundo semestre deste ano.&nbsp;<br><\/p>\n","protected":false},"excerpt":{"rendered":"<p>Eles est\u00e3o presos desde mar\u00e7o do ano passado em pres\u00eddios federais Por Andr\u00e9 Richter &#8211;<\/p>\n","protected":false},"author":2,"featured_media":103108,"comment_status":"open","ping_status":"open","sticky":false,"template":"","format":"standard","meta":{"footnotes":""},"categories":[17],"tags":[],"class_list":["post-103107","post","type-post","status-publish","format-standard","has-post-thumbnail","hentry","category-outras-noticias"],"_links":{"self":[{"href":"https:\/\/tvc16.com\/portal\/wp-json\/wp\/v2\/posts\/103107","targetHints":{"allow":["GET"]}}],"collection":[{"href":"https:\/\/tvc16.com\/portal\/wp-json\/wp\/v2\/posts"}],"about":[{"href":"https:\/\/tvc16.com\/portal\/wp-json\/wp\/v2\/types\/post"}],"author":[{"embeddable":true,"href":"https:\/\/tvc16.com\/portal\/wp-json\/wp\/v2\/users\/2"}],"replies":[{"embeddable":true,"href":"https:\/\/tvc16.com\/portal\/wp-json\/wp\/v2\/comments?post=103107"}],"version-history":[{"count":1,"href":"https:\/\/tvc16.com\/portal\/wp-json\/wp\/v2\/posts\/103107\/revisions"}],"predecessor-version":[{"id":103109,"href":"https:\/\/tvc16.com\/portal\/wp-json\/wp\/v2\/posts\/103107\/revisions\/103109"}],"wp:featuredmedia":[{"embeddable":true,"href":"https:\/\/tvc16.com\/portal\/wp-json\/wp\/v2\/media\/103108"}],"wp:attachment":[{"href":"https:\/\/tvc16.com\/portal\/wp-json\/wp\/v2\/media?parent=103107"}],"wp:term":[{"taxonomy":"category","embeddable":true,"href":"https:\/\/tvc16.com\/portal\/wp-json\/wp\/v2\/categories?post=103107"},{"taxonomy":"post_tag","embeddable":true,"href":"https:\/\/tvc16.com\/portal\/wp-json\/wp\/v2\/tags?post=103107"}],"curies":[{"name":"wp","href":"https:\/\/api.w.org\/{rel}","templated":true}]}}