{"id":10311,"date":"2021-02-11T20:57:26","date_gmt":"2021-02-11T23:57:26","guid":{"rendered":"https:\/\/tvc16.com\/portal\/?p=10311"},"modified":"2021-02-11T20:57:28","modified_gmt":"2021-02-11T23:57:28","slug":"mais-duas-pessoas-morrem-em-decorrencia-da-covid-19-em-petropolis","status":"publish","type":"post","link":"https:\/\/tvc16.com\/portal\/2021\/02\/11\/mais-duas-pessoas-morrem-em-decorrencia-da-covid-19-em-petropolis\/","title":{"rendered":"Mais duas pessoas morrem em decorr\u00eancia da Covid-19 em Petr\u00f3polis"},"content":{"rendered":"\n<p>A Secretaria de Sa\u00fade recebeu nesta quinta-feira (11) a confirma\u00e7\u00e3o de mais dois \u00f3bitos relacionados a Covid-19, elevando para 523 o n\u00famero de mortos no munic\u00edpio desde mar\u00e7o de 2020.Este \u00faltimo boletim mostra que Petr\u00f3polis fez, at\u00e9 agora, 112.022 testes para Covid-19, com 17.113 resultados positivos e 90.398 negativos (levando em considera\u00e7\u00e3o testes r\u00e1pidos e Swab). H\u00e1 4.511 casos em an\u00e1lise e 10.391 recuperados.<\/p>\n\n\n\n<p>Neste momento, 43 pessoas est\u00e3o internadas em leitos de UTI privados e pelo SUS. Outras 56 est\u00e3o em leitos cl\u00ednicos privados e pelo SUS, totalizando 99 interna\u00e7\u00f5es em toda a rede da cidade. A ocupa\u00e7\u00e3o de leitos cl\u00ednicos pelo SUS \u00e9 de 35,38% e de 23,08% em leitos de UTI.<\/p>\n\n\n\n<p>As v\u00edtimas s\u00e3o:<\/p>\n\n\n\n<p>Uma mulher, de 55 anos, moradora no Quissam\u00e3. Ela havia sido internada no dia 8 de janeiro, na UPA Centro e morreu no dia 15 do mesmo m\u00eas. A paciente possu\u00eda hipertens\u00e3o arterial. <\/p>\n\n\n\n<p>Um homem, de 91 anos, morador da Posse. Ele foi internado no dia 5 de fevereiro, no Hospital Alcides Carneiro e morreu no \u00faltimo dia 10. O paciente possu\u00eda doen\u00e7a de Alzheimer.<\/p>\n","protected":false},"excerpt":{"rendered":"<p>A Secretaria de Sa\u00fade recebeu nesta quinta-feira (11) a confirma\u00e7\u00e3o de mais dois \u00f3bitos relacionados<\/p>\n","protected":false},"author":2,"featured_media":10312,"comment_status":"open","ping_status":"open","sticky":false,"template":"","format":"standard","meta":{"footnotes":""},"categories":[12],"tags":[],"class_list":["post-10311","post","type-post","status-publish","format-standard","has-post-thumbnail","hentry","category-cidade"],"_links":{"self":[{"href":"https:\/\/tvc16.com\/portal\/wp-json\/wp\/v2\/posts\/10311","targetHints":{"allow":["GET"]}}],"collection":[{"href":"https:\/\/tvc16.com\/portal\/wp-json\/wp\/v2\/posts"}],"about":[{"href":"https:\/\/tvc16.com\/portal\/wp-json\/wp\/v2\/types\/post"}],"author":[{"embeddable":true,"href":"https:\/\/tvc16.com\/portal\/wp-json\/wp\/v2\/users\/2"}],"replies":[{"embeddable":true,"href":"https:\/\/tvc16.com\/portal\/wp-json\/wp\/v2\/comments?post=10311"}],"version-history":[{"count":1,"href":"https:\/\/tvc16.com\/portal\/wp-json\/wp\/v2\/posts\/10311\/revisions"}],"predecessor-version":[{"id":10313,"href":"https:\/\/tvc16.com\/portal\/wp-json\/wp\/v2\/posts\/10311\/revisions\/10313"}],"wp:featuredmedia":[{"embeddable":true,"href":"https:\/\/tvc16.com\/portal\/wp-json\/wp\/v2\/media\/10312"}],"wp:attachment":[{"href":"https:\/\/tvc16.com\/portal\/wp-json\/wp\/v2\/media?parent=10311"}],"wp:term":[{"taxonomy":"category","embeddable":true,"href":"https:\/\/tvc16.com\/portal\/wp-json\/wp\/v2\/categories?post=10311"},{"taxonomy":"post_tag","embeddable":true,"href":"https:\/\/tvc16.com\/portal\/wp-json\/wp\/v2\/tags?post=10311"}],"curies":[{"name":"wp","href":"https:\/\/api.w.org\/{rel}","templated":true}]}}