{"id":103110,"date":"2025-04-26T06:00:00","date_gmt":"2025-04-26T09:00:00","guid":{"rendered":"https:\/\/tvc16.com\/portal\/?p=103110"},"modified":"2025-04-25T09:07:33","modified_gmt":"2025-04-25T12:07:33","slug":"inss-aposentado-nao-precisa-pedir-exclusao-de-desconto-indevido","status":"publish","type":"post","link":"https:\/\/tvc16.com\/portal\/2025\/04\/26\/inss-aposentado-nao-precisa-pedir-exclusao-de-desconto-indevido\/","title":{"rendered":"INSS: aposentado n\u00e3o precisa pedir exclus\u00e3o de desconto indevido"},"content":{"rendered":"\n<p><em>Governo suspendeu todos os descontos mensais feitos por associa\u00e7\u00f5es<\/em><\/p>\n\n\n\n<p>Por Ag\u00eancia Brasil \/ Foto: Rafa Neddermeyer\/Ag\u00eancia Brasil<\/p>\n\n\n\n<p><\/p>\n\n\n\n<p>Com a suspens\u00e3o dos descontos autom\u00e1ticos para entidades da sociedade civil, a&nbsp;diretora de Or\u00e7amentos e Finan\u00e7as e Log\u00edstica do Instituto Nacional do Seguro Social (INSS), D\u00e9bora Floriano, assegurou que&nbsp;os&nbsp;aposentados e pensionistas n\u00e3o precisam mais entrar no aplicativo Meu INSS&nbsp;ou no site de mesmo nome para pedir a exclus\u00e3o do conv\u00eanio com a associa\u00e7\u00e3o.<img decoding=\"async\" src=\"https:\/\/agenciabrasil.ebc.com.br\/ebc.png?id=1640145&amp;o=node\"><img decoding=\"async\" src=\"https:\/\/agenciabrasil.ebc.com.br\/ebc.gif?id=1640145&amp;o=node\"><\/p>\n\n\n\n<p>Segundo ela, os aposentados e pensionistas tamb\u00e9m n\u00e3o precisar\u00e3o ir a ag\u00eancias do \u00f3rg\u00e3o ou ligar para o telefone 135 para suspender a retirada.<\/p>\n\n\n\n<p>\u201cIdentificadas as fragilidades [nos conv\u00eanios com as associa\u00e7\u00f5es], o processo ser\u00e1 melhorado\u201d, disse Floriano.<\/p>\n\n\n\n<p>O governo suspendeu&nbsp;todos os descontos mensais feitos por associa\u00e7\u00f5es e sindicatos na folha de pagamento de aposentados e pensionistas do INSS e garantiu que os&nbsp;<a href=\"https:\/\/agenciabrasil.ebc.com.br\/economia\/noticia\/2025-04\/descontos-ilegais-de-aposentados-do-inss-serao-devolvidos-diz-governo\" target=\"_blank\" rel=\"noreferrer noopener\">descontos ilegais ser\u00e3o devolvidos<\/a>. Segundo o&nbsp;ministro da Controladoria-Geral da Uni\u00e3o (CGU), Vinicius Marques de Carvalho, a devolu\u00e7\u00e3o dos valores descontados neste m\u00eas ocorrer\u00e1 na pr\u00f3xima folha de pagamento.<\/p>\n\n\n\n<p>Segundo Carvalho, nenhum aposentado ou pensionista do INSS ser\u00e1 descontado at\u00e9 que as&nbsp;investiga\u00e7\u00f5es da Opera\u00e7\u00e3o Sem Desconto&nbsp;acabem e que o governo reorganize um novo marco legal para conv\u00eanios entre o INSS e entidades da sociedade civil.<\/p>\n\n\n\n<p>A Opera\u00e7\u00e3o Sem Desconto, deflagrada na quarta-feira (23)&nbsp;pela Pol\u00edcia Federal e pela Controladoria-Geral da Uni\u00e3o,&nbsp;<a href=\"https:\/\/agenciabrasil.ebc.com.br\/geral\/noticia\/2025-04\/operacao-da-pf-investiga-descontos-irregulares-em-beneficios-do-inss\" target=\"_blank\" rel=\"noreferrer noopener\">investiga um&nbsp;esquema de descontos n\u00e3o autorizados em aposentadorias e pens\u00f5es<\/a>.<\/p>\n\n\n\n<p>Est\u00e3o sendo apuradas irregularidades cometidas por organiza\u00e7\u00f5es da sociedade civil que cobravam, sem autoriza\u00e7\u00e3o de pensionistas, uma \u201cmensalidade associativa\u201d.&nbsp;S\u00f3 entre 2019 e 2024, a movimenta\u00e7\u00e3o total ficou em cerca de R$ 6,3 bilh\u00f5es.<br><\/p>\n","protected":false},"excerpt":{"rendered":"<p>Governo suspendeu todos os descontos mensais feitos por associa\u00e7\u00f5es Por Ag\u00eancia Brasil \/ Foto: Rafa<\/p>\n","protected":false},"author":2,"featured_media":103111,"comment_status":"open","ping_status":"open","sticky":false,"template":"","format":"standard","meta":{"footnotes":""},"categories":[17],"tags":[],"class_list":["post-103110","post","type-post","status-publish","format-standard","has-post-thumbnail","hentry","category-outras-noticias"],"_links":{"self":[{"href":"https:\/\/tvc16.com\/portal\/wp-json\/wp\/v2\/posts\/103110","targetHints":{"allow":["GET"]}}],"collection":[{"href":"https:\/\/tvc16.com\/portal\/wp-json\/wp\/v2\/posts"}],"about":[{"href":"https:\/\/tvc16.com\/portal\/wp-json\/wp\/v2\/types\/post"}],"author":[{"embeddable":true,"href":"https:\/\/tvc16.com\/portal\/wp-json\/wp\/v2\/users\/2"}],"replies":[{"embeddable":true,"href":"https:\/\/tvc16.com\/portal\/wp-json\/wp\/v2\/comments?post=103110"}],"version-history":[{"count":1,"href":"https:\/\/tvc16.com\/portal\/wp-json\/wp\/v2\/posts\/103110\/revisions"}],"predecessor-version":[{"id":103112,"href":"https:\/\/tvc16.com\/portal\/wp-json\/wp\/v2\/posts\/103110\/revisions\/103112"}],"wp:featuredmedia":[{"embeddable":true,"href":"https:\/\/tvc16.com\/portal\/wp-json\/wp\/v2\/media\/103111"}],"wp:attachment":[{"href":"https:\/\/tvc16.com\/portal\/wp-json\/wp\/v2\/media?parent=103110"}],"wp:term":[{"taxonomy":"category","embeddable":true,"href":"https:\/\/tvc16.com\/portal\/wp-json\/wp\/v2\/categories?post=103110"},{"taxonomy":"post_tag","embeddable":true,"href":"https:\/\/tvc16.com\/portal\/wp-json\/wp\/v2\/tags?post=103110"}],"curies":[{"name":"wp","href":"https:\/\/api.w.org\/{rel}","templated":true}]}}