{"id":103116,"date":"2025-04-26T06:00:00","date_gmt":"2025-04-26T09:00:00","guid":{"rendered":"https:\/\/tvc16.com\/portal\/?p=103116"},"modified":"2025-04-25T09:09:43","modified_gmt":"2025-04-25T12:09:43","slug":"exportacao-de-frutas-cresceu-26-no-primeiro-trimestre-de-2025","status":"publish","type":"post","link":"https:\/\/tvc16.com\/portal\/2025\/04\/26\/exportacao-de-frutas-cresceu-26-no-primeiro-trimestre-de-2025\/","title":{"rendered":"Exporta\u00e7\u00e3o de frutas cresceu 26% no primeiro trimestre de 2025"},"content":{"rendered":"\n<p><em>Dados do 4\u00ba Boletim Prohort da Conab foram divulgados nesta quinta<\/em><\/p>\n\n\n\n<p>Por Luciano Nascimento &#8211; Rep\u00f3rter da Ag\u00eancia Brasil \/ Foto: Rafa Neddermeyer\/Ag\u00eancia Brasil<\/p>\n\n\n\n<p><\/p>\n\n\n\n<p><strong>O volume de exporta\u00e7\u00e3o de frutas do pa\u00eds no primeiro trimestre deste ano cresceu 26% em rela\u00e7\u00e3o ao mesmo per\u00edodo de 2024, informou a Companhia Nacional de Abastecimento (Conab). Segundo o 4\u00ba Boletim do Programa Brasileiro de Moderniza\u00e7\u00e3o do Mercado Hortigranjeiro (Prohort), divulgado nesta quinta-feira (24), no per\u00edodo de janeiro a mar\u00e7o foram exportadas 301 mil toneladas de frutas. O faturamento foi U$S 311 milh\u00f5es, aumento de 7% em rela\u00e7\u00e3o ao primeiro trimestre de 2024 e de 23% em rela\u00e7\u00e3o ao mesmo per\u00edodo de 2023.<\/strong><img decoding=\"async\" src=\"https:\/\/agenciabrasil.ebc.com.br\/ebc.png?id=1640118&amp;o=node\"><img decoding=\"async\" src=\"https:\/\/agenciabrasil.ebc.com.br\/ebc.gif?id=1640118&amp;o=node\"><\/p>\n\n\n\n<p>Os principais estados exportadores foram o Rio Grande do Norte, Cear\u00e1, S\u00e3o Paulo e Pernambuco, e os principais compradores: Pa\u00edses Baixos, Reino Unido e Espanha, e as frutas mais exportadas foram mel\u00f5es, melancias, lim\u00f5es e limas, mangas e bananas.<\/p>\n\n\n\n<blockquote class=\"wp-block-quote is-layout-flow wp-block-quote-is-layout-flow\">\n<p>\u201cO ano foi iniciado de forma bastante promissora, com boas vendas para a Europa e \u00c1sia. Faturamento e volume acimas dos anos anteriores. Al\u00e9m de comercializa\u00e7\u00e3o destacada para as minimelancias potiguares e, principalmente, para os mel\u00f5es, mas tamb\u00e9m de lim\u00f5es e limas\u201d, informou a Conab.<\/p>\n<\/blockquote>\n\n\n\n<p><strong>As vendas externas da banana no primeiro trimestre de 2025 tiveram um volume de 15,7 mil toneladas, 131,2% maior em rela\u00e7\u00e3o ao mesmo per\u00edodo do ano anterior.<\/strong><\/p>\n\n\n\n<p>J\u00e1 a melancia apresentou um aumento de 90<strong>%&nbsp;<\/strong>em rela\u00e7\u00e3o ao primeiro trimestre de 2024, com um volume exportado de 53 mil toneladas e faturamento no trimestre de U$S 32,1 milh\u00f5es; 91% maior em rela\u00e7\u00e3o ao primeiro trimestre do ano passado.<\/p>\n\n\n\n<blockquote class=\"wp-block-quote is-layout-flow wp-block-quote-is-layout-flow\">\n<p>As vendas externas de ma\u00e7\u00e3 registraram 2,57 mil toneladas, no primeiro trimestre de 2025. O resultado \u00e9 85,6% maior que o registrado em rela\u00e7\u00e3o ao mesmo per\u00edodo ano anterior. O faturamento trimestral foi US$ 2,8 milh\u00f5es, 93,6% acima na compara\u00e7\u00e3o com o mesmo per\u00edodo do ano passado.<\/p>\n<\/blockquote>\n\n\n\n<p><strong>As ma\u00e7\u00e3s mi\u00fadas foram a principal categoria dessas frutas comercializadas, devido a serem bastante procuradas principalmente por pa\u00edses asi\u00e1ticos<\/strong><\/p>\n\n\n\n<p>No caso do mam\u00e3o, as exporta\u00e7\u00f5es no primeiro trimestre de 2025 tiveram um volume de 13,36 mil toneladas, crescimento de 28,2% em rela\u00e7\u00e3o ao mesmo per\u00edodo de 2024. J\u00e1 o faturamento foi US$ 17,1 milh\u00f5es, alta de 31%.<\/p>\n\n\n\n<p><strong>O boletim mostra que as vendas externas de laranja no primeiro tr\u00eas meses de 2025 tiveram um volume de 125,7 toneladas, 52% inferior em rela\u00e7\u00e3o ao mesmo per\u00edodo de 2024. Al\u00e9m disso, o compilado no m\u00eas corrente foi menor 68% na compara\u00e7\u00e3o com mar\u00e7o do ano passado 2024.<\/strong><\/p>\n\n\n\n<blockquote class=\"wp-block-quote is-layout-flow wp-block-quote-is-layout-flow\">\n<p>J\u00e1 as importa\u00e7\u00f5es das frutas comercializadas pelas Ceasas analisadas nesse boletim foram de 1,15 mil toneladas, alta de 9,5% no que diz respeito a fevereiro de 2025.<\/p>\n<\/blockquote>\n\n\n\n<p>Em rela\u00e7\u00e3o ao suco de laranja, as exporta\u00e7\u00f5es brasileiras registraram 528,7 mil toneladas, queda de 22,8% em rela\u00e7\u00e3o ao primeiro trimestre de 2025. J\u00e1 o m\u00eas corrente em an\u00e1lise teve queda de 33,2% em face de mar\u00e7o de 2024 e alta de 22,4% em rela\u00e7\u00e3o a fevereiro de 2025.<\/p>\n\n\n\n<p><strong><a href=\"https:\/\/agenciabrasil.ebc.com.br\/geral\/noticia\/2025-04\/receitas-com-frutas-citricas-sao-destaque-do-programa-xodo-de-cozinha\" target=\"_blank\" rel=\"noreferrer noopener\">&gt;&gt;Receitas com frutas c\u00edtricas s\u00e3o destaque do programa Xod\u00f3 de Cozinha<\/a><\/strong><\/p>\n\n\n\n<p><strong>A Conab estima, para os pr\u00f3ximos meses, um cen\u00e1rio de continuidade de envios mais baixos, pois a demanda internacional, europeia e americana, esteve mais contidas por causa dos pre\u00e7os do suco ainda elevados e a oferta para moagem menor por causa da baixa produ\u00e7\u00e3o no cintur\u00e3o citr\u00edcola, al\u00e9m da piora na qualidade das frutas.<\/strong><\/p>\n\n\n\n<p>\u201cNo entanto, se as elevadas tarifas do governo Trump para o suco de laranja do M\u00e9xico seguirem adiante, os produtores poder\u00e3o aproveitar essa janela de oportunidade para aumentarem seus embarques para os EUA\u201d, indica o boletim.<br><\/p>\n","protected":false},"excerpt":{"rendered":"<p>Dados do 4\u00ba Boletim Prohort da Conab foram divulgados nesta quinta Por Luciano Nascimento &#8211;<\/p>\n","protected":false},"author":2,"featured_media":103117,"comment_status":"open","ping_status":"open","sticky":false,"template":"","format":"standard","meta":{"footnotes":""},"categories":[17],"tags":[],"class_list":["post-103116","post","type-post","status-publish","format-standard","has-post-thumbnail","hentry","category-outras-noticias"],"_links":{"self":[{"href":"https:\/\/tvc16.com\/portal\/wp-json\/wp\/v2\/posts\/103116","targetHints":{"allow":["GET"]}}],"collection":[{"href":"https:\/\/tvc16.com\/portal\/wp-json\/wp\/v2\/posts"}],"about":[{"href":"https:\/\/tvc16.com\/portal\/wp-json\/wp\/v2\/types\/post"}],"author":[{"embeddable":true,"href":"https:\/\/tvc16.com\/portal\/wp-json\/wp\/v2\/users\/2"}],"replies":[{"embeddable":true,"href":"https:\/\/tvc16.com\/portal\/wp-json\/wp\/v2\/comments?post=103116"}],"version-history":[{"count":1,"href":"https:\/\/tvc16.com\/portal\/wp-json\/wp\/v2\/posts\/103116\/revisions"}],"predecessor-version":[{"id":103118,"href":"https:\/\/tvc16.com\/portal\/wp-json\/wp\/v2\/posts\/103116\/revisions\/103118"}],"wp:featuredmedia":[{"embeddable":true,"href":"https:\/\/tvc16.com\/portal\/wp-json\/wp\/v2\/media\/103117"}],"wp:attachment":[{"href":"https:\/\/tvc16.com\/portal\/wp-json\/wp\/v2\/media?parent=103116"}],"wp:term":[{"taxonomy":"category","embeddable":true,"href":"https:\/\/tvc16.com\/portal\/wp-json\/wp\/v2\/categories?post=103116"},{"taxonomy":"post_tag","embeddable":true,"href":"https:\/\/tvc16.com\/portal\/wp-json\/wp\/v2\/tags?post=103116"}],"curies":[{"name":"wp","href":"https:\/\/api.w.org\/{rel}","templated":true}]}}