{"id":103122,"date":"2025-04-25T09:15:48","date_gmt":"2025-04-25T12:15:48","guid":{"rendered":"https:\/\/tvc16.com\/portal\/?p=103122"},"modified":"2025-04-25T09:15:49","modified_gmt":"2025-04-25T12:15:49","slug":"petropolis-pode-ser-representada-na-cop30","status":"publish","type":"post","link":"https:\/\/tvc16.com\/portal\/2025\/04\/25\/petropolis-pode-ser-representada-na-cop30\/","title":{"rendered":"Petr\u00f3polis pode ser representada na COP30"},"content":{"rendered":"\n<p><em>Por Leandra Lima<\/em><\/p>\n\n\n\n<p>A Confer\u00eancia da Organiza\u00e7\u00e3o das Na\u00e7\u00f5es Unidas (ONU) sobre Mudan\u00e7as Clim\u00e1ticas (COP30), vai acontecer este ano de forma in\u00e9dita no Brasil, em Bel\u00e9m do Par\u00e1. O encontro que reune l\u00edderes mundiais, ligados \u00e0 pol\u00edtica, ci\u00eancia, tecnologia, organiza\u00e7\u00f5es n\u00e3o governamentais e a sociedade civil, \u00e9 o principal evento que discute a\u00e7\u00f5es para combater o efeito e o impacto da mudan\u00e7a do clima. Acontecendo dentro do territ\u00f3rio brasileiro, a COP30 carrega um importante significado onde os olhos estar\u00e3o voltados para o pa\u00eds, que apresentar\u00e1 proje\u00e7\u00f5es sobre os impactos do clima dentro da sociedade brasileira. \u00c9 com essa percep\u00e7\u00e3o que o Instituto Todos Juntos Ningu\u00e9m Sozinho (TJNS) quer levar Petr\u00f3polis para a confer\u00eancia, destacando a vulnerabilidade da cidade frente os desastres socioambientais, refor\u00e7ando a import\u00e2ncia da cria\u00e7\u00e3o de pol\u00edticas de enfrentamento. &#8220;Petr\u00f3polis \u00e9 um dos munic\u00edpios mais vulner\u00e1veis do Estado do Rio de Janeiro, com o maior n\u00famero de mortes causadas por quest\u00f5es socioambientais. Com isso penso, porqu\u00ea de n\u00e3o estarmos falando sobre a COP. Precisamos ter representantes dessa cidade nesses espa\u00e7os de discuss\u00e3o e promover uma amplitude do problema&#8221;, explicou Pamela M\u00e9rcia representante do TJNS.<\/p>\n\n\n\n<p>Os dados mostram a urg\u00eancia de tratar o assunto, em 2024, o munic\u00edpio liderou o ranking nacional, como local com maior n\u00famero de ocorr\u00eancias de deslizamentos e inunda\u00e7\u00f5es. Nos \u00faltimos anos aconteceram grandes epis\u00f3dios em solo petropolitano que ficaram guardados na mem\u00f3ria, como o fat\u00eddico 15 fevereiro e 20 mar\u00e7o de 2022. Na ocasi\u00e3o uma trag\u00e9dia socioambiental atingiu a cidade, deixando 235 mortos e cerca de quatro mil desabrigados. O cen\u00e1rio levanta um debate sobre o modelo de &#8220;p\u00f3lis&#8221; que a regi\u00e3o est\u00e1 inserida, pois h\u00e1 um grande hist\u00f3rico de desastres, como o Vale do Cuiab\u00e1 em 2011, que deixou 72 mortos.<\/p>\n\n\n\n<p>Todos esses recortes fazem com que o desejo de Pamela em levar o TJNS para a COP30 se torne ainda maior. &#8220;Desde que eu estudo meio ambiente, sempre tive vontade de fazer parte dessas confer\u00eancias, enquanto profissional e estudante, s\u00f3 que eu nunca tive recurso pra isso. E de 2022 pra c\u00e1, depois da chuva, como comecei a ter muito contato com ativistas, fui me tornando uma ativista, com organiza\u00e7\u00e3o de movimentos, eu vi que muitas organiza\u00e7\u00f5es j\u00e1 estavam indo, j\u00e1 estavam discutindo, j\u00e1 estavam colocando as suas demandas nesses espa\u00e7os.<\/p>\n\n\n\n<p>Quando comecei a ter esse contato, vi que j\u00e1 tinha uma galera do Rio levando as quest\u00f5es de calor extremo, e at\u00e9 a pr\u00f3pria viol\u00eancia policial pra COP, mostrando como esses impactos se relacionam com vulnerabilidade, desigualdade e mudan\u00e7as clim\u00e1ticas. E \u00e0 medida que o Instituto Todos Juntos Ningu\u00e9m Sozinho faz esse trabalho, fomos nos estruturando como uma organiza\u00e7\u00e3o melhor. Est\u00e1vamos falando de mudan\u00e7as clim\u00e1ticas, trag\u00e9dias causadas pelo clima e desigualdade social. Com isso percebemos que \u00e9 necess\u00e1rio ocuparmos mais os espa\u00e7os de fala e representar Petr\u00f3polis&#8221;, explicou.<\/p>\n\n\n\n<p>O intuito \u00e9 causar uma mudan\u00e7a na vis\u00e3o popular da cidade, na esfera pol\u00edtica e social que s\u00f3 trata as quest\u00f5es enquanto problema aparece e esquece de manter as a\u00e7\u00f5es. Al\u00e9m do desejo de causar um impacto nas estruturas. &#8220;Qual \u00e9 o impacto que a gente precisa? Pol\u00edticas p\u00fablicas eficazes. Quando todos perceberem que h\u00e1 acesso \u00e0 escuta ativa, \u00e0 elabora\u00e7\u00e3o de di\u00e1logos, formula\u00e7\u00f5es de propostas e solu\u00e7\u00f5es, fora do munic\u00edpio, vai causar uma como\u00e7\u00e3o. E a\u00ed, as esferas ter\u00e3o que dar uma aten\u00e7\u00e3o maior. Ressaltando que precisam ouvir mais&#8221;, disse a representante do TJNS.<\/p>\n\n\n\n<p><strong>Foco<\/strong><\/p>\n\n\n\n<p>O instituto atua dentro das comunidades do munic\u00edpio, levando palestras, aulas e outros servi\u00e7os \u00e0 popula\u00e7\u00e3o, com a tem\u00e1tica clim\u00e1tica. &#8220;Dentro das comunidades, o nosso trabalho \u00e9 baseado no territ\u00f3rio. Quando entro, levo uma &#8220;aula&#8221;, vamos chamar assim, planejada, mas que se adapta com base no que observo ali. Cada territ\u00f3rio tem um perfil. Quando chego, observo a realidade, vejo a linguagem que vai funcionar, uso a problem\u00e1tica local para abordar o tema. Por exemplo, pra falar de racismo ambiental, uso o transporte p\u00fablico e o deslocamento. E explicou que isso tamb\u00e9m \u00e9 racismo ambiental. A\u00ed eles dizem: &#8220;Ah, ent\u00e3o eu sou v\u00edtima disso!&#8221; Porque ali n\u00e3o tem \u00e1gua, n\u00e3o tem coleta de lixo, e por a\u00ed vai&#8221;, explicou Pamela.<\/p>\n\n\n\n<p>A partir da abordagem a popula\u00e7\u00e3o come\u00e7a a entender onde est\u00e3o inseridos no meio social, e passam a enxergar poss\u00edveis mudan\u00e7as. &#8220;Hoje estamos criando essa pol\u00edtica de enfrentamento, que n\u00e3o \u00e9 o TJNS que est\u00e1 propondo, mas sim os territ\u00f3rios. O TJNS est\u00e1 s\u00f3 levando essa voz para o Legislativo. O impacto vai ser muito maior quanto mais pessoas n\u00f3s alcan\u00e7armos&#8221; ressaltou Pamela M\u00e9rcia.<\/p>\n\n\n\n<p>No cen\u00e1rio atual a representante do TJNS, enfatiza que est\u00e1 tentando avan\u00e7ar na pol\u00edtica, articulando projetos com o legislativo. O instituto foi o respons\u00e1vel por construir junto com a frente da Coletiva Feminista Popular a lei N\u00ba 4730\/2023 que institui o Dia Municipal de Enfrentamento ao Racismo Ambiental no calend\u00e1rio municipal da cidade. O projeto \u00e9 de autoria da ativista em conjunto com a vereadora Julia Casamasso (PSOL) representante da Coletiva Feminista.<\/p>\n\n\n\n<p><strong>Mostrar na COP30<\/strong><\/p>\n\n\n\n<p>Com a trajet\u00f3ria ativista na Cidade Imperial, Pamela ressalta que conseguiram reconhecimento, por\u00e9m \u00e9 preciso ter diretrizes eficazes contra o problema. Pensando nesse aspecto, o TJNS quer levar para a COP30 um projeto chamado Serra Acima, um document\u00e1rio que j\u00e1 foi gravado e est\u00e1 em fase de p\u00f3s-produ\u00e7\u00e3o. A obra aborda injusti\u00e7as socioambientais no Brasil com foco em Petr\u00f3polis. &#8220;Queremos mostrar como Petr\u00f3polis reflete o Brasil. No filme resgatamos a hist\u00f3ria do povo negro e ind\u00edgena da cidade, e tamb\u00e9m falamos das chuvas, do hist\u00f3rico de trag\u00e9dias&#8221;, expressou.<\/p>\n\n\n\n<p>O objetivo de levar a mostra \u00e9 que ela seja um instrumento de educa\u00e7\u00e3o clim\u00e1tica, assim sendo exibida em todos os estados do Brasil. Para a ativista, essa \u00e9 uma forma de colocar Petr\u00f3polis no centro das quest\u00f5es ambientais. &#8220;O Serra Acima \u00e9 uma ferramenta para incentivar a cria\u00e7\u00e3o de pol\u00edticas p\u00fablicas&#8221;, concluiu.<\/p>\n","protected":false},"excerpt":{"rendered":"<p>Por Leandra Lima A Confer\u00eancia da Organiza\u00e7\u00e3o das Na\u00e7\u00f5es Unidas (ONU) sobre Mudan\u00e7as Clim\u00e1ticas (COP30),<\/p>\n","protected":false},"author":2,"featured_media":103123,"comment_status":"open","ping_status":"open","sticky":false,"template":"","format":"standard","meta":{"footnotes":""},"categories":[12],"tags":[],"class_list":["post-103122","post","type-post","status-publish","format-standard","has-post-thumbnail","hentry","category-cidade"],"_links":{"self":[{"href":"https:\/\/tvc16.com\/portal\/wp-json\/wp\/v2\/posts\/103122","targetHints":{"allow":["GET"]}}],"collection":[{"href":"https:\/\/tvc16.com\/portal\/wp-json\/wp\/v2\/posts"}],"about":[{"href":"https:\/\/tvc16.com\/portal\/wp-json\/wp\/v2\/types\/post"}],"author":[{"embeddable":true,"href":"https:\/\/tvc16.com\/portal\/wp-json\/wp\/v2\/users\/2"}],"replies":[{"embeddable":true,"href":"https:\/\/tvc16.com\/portal\/wp-json\/wp\/v2\/comments?post=103122"}],"version-history":[{"count":1,"href":"https:\/\/tvc16.com\/portal\/wp-json\/wp\/v2\/posts\/103122\/revisions"}],"predecessor-version":[{"id":103124,"href":"https:\/\/tvc16.com\/portal\/wp-json\/wp\/v2\/posts\/103122\/revisions\/103124"}],"wp:featuredmedia":[{"embeddable":true,"href":"https:\/\/tvc16.com\/portal\/wp-json\/wp\/v2\/media\/103123"}],"wp:attachment":[{"href":"https:\/\/tvc16.com\/portal\/wp-json\/wp\/v2\/media?parent=103122"}],"wp:term":[{"taxonomy":"category","embeddable":true,"href":"https:\/\/tvc16.com\/portal\/wp-json\/wp\/v2\/categories?post=103122"},{"taxonomy":"post_tag","embeddable":true,"href":"https:\/\/tvc16.com\/portal\/wp-json\/wp\/v2\/tags?post=103122"}],"curies":[{"name":"wp","href":"https:\/\/api.w.org\/{rel}","templated":true}]}}