{"id":103128,"date":"2025-04-25T09:18:48","date_gmt":"2025-04-25T12:18:48","guid":{"rendered":"https:\/\/tvc16.com\/portal\/?p=103128"},"modified":"2025-04-25T09:18:49","modified_gmt":"2025-04-25T12:18:49","slug":"petropolis-e-a-4a-cidade-do-rj-com-mais-acoes-na-saude","status":"publish","type":"post","link":"https:\/\/tvc16.com\/portal\/2025\/04\/25\/petropolis-e-a-4a-cidade-do-rj-com-mais-acoes-na-saude\/","title":{"rendered":"Petr\u00f3polis \u00e9 a 4\u00aa cidade do RJ com mais a\u00e7\u00f5es na sa\u00fade"},"content":{"rendered":"\n<p><em>Por Reda\u00e7\u00e3o<\/em><\/p>\n\n\n\n<p>O Tribunal de Justi\u00e7a do Estado do Rio de Janeiro (TJRJ) divulgou um levantamento sobre os \u00f3rg\u00e3os e entidades p\u00fablicas mais acionados em processos judiciais relacionados ao direito \u00e0 sa\u00fade ao longo de 2024. Petr\u00f3polis ficou em 4\u00ba lugar no ranking, com 576 a\u00e7\u00f5es judiciais. A pesquisa do TJRJ apontou os 15 entes p\u00fablicos mais acionados em processos de sa\u00fade. O Governo do Estado e a Prefeitura do Rio de Janeiro re\u00fanem aproximadamente 78% dos casos, com 9.714 e 3.925 a\u00e7\u00f5es, respectivamente.<\/p>\n\n\n\n<p>Em terceiro lugar, o levantamento apontou Nova Friburgo, acionado 865 vezes. Dos cinco primeiros munic\u00edpios com mais processos, tr\u00eas fazem parte da Regi\u00e3o Serrana, sendo Teres\u00f3polis o 5\u00ba colocado do ranking, com 562 a\u00e7\u00f5es.<\/p>\n\n\n\n<p>A divulga\u00e7\u00e3o dos dados, segundo o TJRJ, tem o objetivo de aumentar a transpar\u00eancia sobre a judicializa\u00e7\u00e3o da sa\u00fade e identificar os desafios espec\u00edficos enfrentados por cada administra\u00e7\u00e3o p\u00fablica. O presidente do TJRJ, desembargador Ricardo Couto de Castro, divulgou que &#8220;Ao entender quais entes s\u00e3o mais demandados e, potencialmente, quais tipos de servi\u00e7os ou tratamentos geram mais lit\u00edgios em cada localidade, \u00e9 poss\u00edvel direcionar melhor as pol\u00edticas p\u00fablicas e buscar solu\u00e7\u00f5es administrativas que reduzam a necessidade de interven\u00e7\u00e3o judicial&#8221;.<\/p>\n\n\n\n<h2 class=\"wp-block-heading\">O que diz a Prefeitura?<\/h2>\n\n\n\n<p>Em rela\u00e7\u00e3o ao assunto, a Prefeitura de Petr\u00f3polis informou que tem empenhado todos os esfor\u00e7os para garantir atendimento de sa\u00fade de qualidade para a popula\u00e7\u00e3o. Inclusive com a\u00e7\u00f5es para reduzir filas acumuladas no governo anterior. &#8220;Al\u00e9m disso, assinou no m\u00eas passado um conv\u00eanio com a C\u00e2mara de Resolu\u00e7\u00e3o de Lit\u00edgios de Sa\u00fade (CRLS), da Defensoria P\u00fablica do Estado do Rio de Janeiro. O objetivo do conv\u00eanio \u00e9 agilizar o atendimento de pacientes, de modo a evitar o ajuizamento de a\u00e7\u00f5es, buscando solu\u00e7\u00e3o administrativa de um acesso mais c\u00e9lere e resolutivo para oferta de medicamento, agendamento de procedimento cir\u00fargico ou exame m\u00e9dico&#8221;, disse por meio de nota.<\/p>\n\n\n\n<h2 class=\"wp-block-heading\">Ranking dos entes p\u00fablicos mais acionados em sa\u00fade no RJ em 2024:<\/h2>\n\n\n\n<p>&#8211; Estado do Rio de Janeiro &#8211; 9.714 a\u00e7\u00f5es<\/p>\n\n\n\n<p>&#8211;&nbsp;Munic\u00edpio do Rio de Janeiro &#8211; 3.925 a\u00e7\u00f5es<\/p>\n\n\n\n<p>&#8211;&nbsp;Nova Friburgo &#8211; 865 a\u00e7\u00f5es<\/p>\n\n\n\n<p>&#8211;&nbsp;Petr\u00f3polis &#8211; 576 a\u00e7\u00f5es<\/p>\n\n\n\n<p>&#8211;&nbsp;Teres\u00f3polis &#8211; 562 a\u00e7\u00f5es<\/p>\n\n\n\n<p>&#8211;&nbsp;Niter\u00f3i &#8211; 307 a\u00e7\u00f5es<\/p>\n\n\n\n<p>&#8211;&nbsp;S\u00e3o Gon\u00e7alo &#8211; 234 a\u00e7\u00f5es<\/p>\n\n\n\n<p>&#8211;&nbsp;Duque de Caxias &#8211; 209 a\u00e7\u00f5es<\/p>\n\n\n\n<p>&#8211;&nbsp;Bom Jesus do Itabapoana &#8211; 208 a\u00e7\u00f5es<\/p>\n\n\n\n<p>&#8211;&nbsp;Funda\u00e7\u00e3o Municipal de Sa\u00fade de Niter\u00f3i &#8211; 195 a\u00e7\u00f5es<\/p>\n\n\n\n<p>&#8211;&nbsp;Cambuci &#8211; 190 a\u00e7\u00f5es<\/p>\n\n\n\n<p>&#8211;&nbsp;Saquarema &#8211; 162 a\u00e7\u00f5es<\/p>\n\n\n\n<p>&#8211;&nbsp;Cabo Frio &#8211; 139 a\u00e7\u00f5es<\/p>\n\n\n\n<p>&#8211;&nbsp;S\u00e3o Jos\u00e9 do Vale do Rio Preto &#8211; 137 a\u00e7\u00f5es<\/p>\n\n\n\n<p>&#8211;&nbsp;Volta Redonda &#8211; 111 a\u00e7\u00f5es<\/p>\n","protected":false},"excerpt":{"rendered":"<p>Por Reda\u00e7\u00e3o O Tribunal de Justi\u00e7a do Estado do Rio de Janeiro (TJRJ) divulgou um<\/p>\n","protected":false},"author":2,"featured_media":103129,"comment_status":"open","ping_status":"open","sticky":false,"template":"","format":"standard","meta":{"footnotes":""},"categories":[12],"tags":[],"class_list":["post-103128","post","type-post","status-publish","format-standard","has-post-thumbnail","hentry","category-cidade"],"_links":{"self":[{"href":"https:\/\/tvc16.com\/portal\/wp-json\/wp\/v2\/posts\/103128","targetHints":{"allow":["GET"]}}],"collection":[{"href":"https:\/\/tvc16.com\/portal\/wp-json\/wp\/v2\/posts"}],"about":[{"href":"https:\/\/tvc16.com\/portal\/wp-json\/wp\/v2\/types\/post"}],"author":[{"embeddable":true,"href":"https:\/\/tvc16.com\/portal\/wp-json\/wp\/v2\/users\/2"}],"replies":[{"embeddable":true,"href":"https:\/\/tvc16.com\/portal\/wp-json\/wp\/v2\/comments?post=103128"}],"version-history":[{"count":1,"href":"https:\/\/tvc16.com\/portal\/wp-json\/wp\/v2\/posts\/103128\/revisions"}],"predecessor-version":[{"id":103130,"href":"https:\/\/tvc16.com\/portal\/wp-json\/wp\/v2\/posts\/103128\/revisions\/103130"}],"wp:featuredmedia":[{"embeddable":true,"href":"https:\/\/tvc16.com\/portal\/wp-json\/wp\/v2\/media\/103129"}],"wp:attachment":[{"href":"https:\/\/tvc16.com\/portal\/wp-json\/wp\/v2\/media?parent=103128"}],"wp:term":[{"taxonomy":"category","embeddable":true,"href":"https:\/\/tvc16.com\/portal\/wp-json\/wp\/v2\/categories?post=103128"},{"taxonomy":"post_tag","embeddable":true,"href":"https:\/\/tvc16.com\/portal\/wp-json\/wp\/v2\/tags?post=103128"}],"curies":[{"name":"wp","href":"https:\/\/api.w.org\/{rel}","templated":true}]}}