{"id":103134,"date":"2025-04-25T09:24:58","date_gmt":"2025-04-25T12:24:58","guid":{"rendered":"https:\/\/tvc16.com\/portal\/?p=103134"},"modified":"2025-04-25T09:24:59","modified_gmt":"2025-04-25T12:24:59","slug":"r-4-milhoes-sao-destinados-ao-cemiterio-municipal-de-petropolis","status":"publish","type":"post","link":"https:\/\/tvc16.com\/portal\/2025\/04\/25\/r-4-milhoes-sao-destinados-ao-cemiterio-municipal-de-petropolis\/","title":{"rendered":"R$ 4 milh\u00f5es s\u00e3o destinados ao cemit\u00e9rio municipal de Petr\u00f3polis"},"content":{"rendered":"\n<p>O Minist\u00e9rio de Integra\u00e7\u00e3o e Desenvolvimento Regional (MIDR), por meio da Secretaria de Defesa Civil Nacional, destinar\u00e1 R$ 4 milh\u00f5es para obras de conten\u00e7\u00e3o de encostas e a reconstru\u00e7\u00e3o de gavetas no cemit\u00e9rio municipal. O recurso foi disponibilizado depois de uma reuni\u00e3o do prefeito Hingo Hammes, em Bras\u00edlia, com o MIDR logo ap\u00f3s a chuva registrada no in\u00edcio deste m\u00eas em Petr\u00f3polis. O munic\u00edpio aguarda o processo de libera\u00e7\u00e3o da verba para publicar o edital e consequentemente a licita\u00e7\u00e3o para as interven\u00e7\u00f5es. O cemit\u00e9rio municipal foi gravemente afetado em 2023, quando parte do cemit\u00e9rio colapsou, atingindo campas e deixando partes do local destru\u00eddas.<\/p>\n","protected":false},"excerpt":{"rendered":"<p>O Minist\u00e9rio de Integra\u00e7\u00e3o e Desenvolvimento Regional (MIDR), por meio da Secretaria de Defesa Civil<\/p>\n","protected":false},"author":2,"featured_media":48771,"comment_status":"open","ping_status":"open","sticky":false,"template":"","format":"standard","meta":{"footnotes":""},"categories":[12],"tags":[],"class_list":["post-103134","post","type-post","status-publish","format-standard","has-post-thumbnail","hentry","category-cidade"],"_links":{"self":[{"href":"https:\/\/tvc16.com\/portal\/wp-json\/wp\/v2\/posts\/103134","targetHints":{"allow":["GET"]}}],"collection":[{"href":"https:\/\/tvc16.com\/portal\/wp-json\/wp\/v2\/posts"}],"about":[{"href":"https:\/\/tvc16.com\/portal\/wp-json\/wp\/v2\/types\/post"}],"author":[{"embeddable":true,"href":"https:\/\/tvc16.com\/portal\/wp-json\/wp\/v2\/users\/2"}],"replies":[{"embeddable":true,"href":"https:\/\/tvc16.com\/portal\/wp-json\/wp\/v2\/comments?post=103134"}],"version-history":[{"count":1,"href":"https:\/\/tvc16.com\/portal\/wp-json\/wp\/v2\/posts\/103134\/revisions"}],"predecessor-version":[{"id":103135,"href":"https:\/\/tvc16.com\/portal\/wp-json\/wp\/v2\/posts\/103134\/revisions\/103135"}],"wp:featuredmedia":[{"embeddable":true,"href":"https:\/\/tvc16.com\/portal\/wp-json\/wp\/v2\/media\/48771"}],"wp:attachment":[{"href":"https:\/\/tvc16.com\/portal\/wp-json\/wp\/v2\/media?parent=103134"}],"wp:term":[{"taxonomy":"category","embeddable":true,"href":"https:\/\/tvc16.com\/portal\/wp-json\/wp\/v2\/categories?post=103134"},{"taxonomy":"post_tag","embeddable":true,"href":"https:\/\/tvc16.com\/portal\/wp-json\/wp\/v2\/tags?post=103134"}],"curies":[{"name":"wp","href":"https:\/\/api.w.org\/{rel}","templated":true}]}}