{"id":10314,"date":"2021-02-11T21:10:20","date_gmt":"2021-02-12T00:10:20","guid":{"rendered":"https:\/\/tvc16.com\/portal\/?p=10314"},"modified":"2021-02-11T21:10:22","modified_gmt":"2021-02-12T00:10:22","slug":"cinquenta-e-sete-idosos-acima-de-95-anos-e-33-acamados-foram-vacinados-nesta-quinta-feira","status":"publish","type":"post","link":"https:\/\/tvc16.com\/portal\/2021\/02\/11\/cinquenta-e-sete-idosos-acima-de-95-anos-e-33-acamados-foram-vacinados-nesta-quinta-feira\/","title":{"rendered":"Cinquenta e sete idosos acima de 95 anos e 33 acamados foram vacinados nesta quinta-feira"},"content":{"rendered":"\n<p>As equipes de enfermagem, sob coordena\u00e7\u00e3o do departamento de Vigil\u00e2ncia em Sa\u00fade, realizaram, nesta quinta-feira (11), a vacina\u00e7\u00e3o contra a Covid-19 em sete unidades de sa\u00fade, quando foram vacinadas 522 pessoas, deste total 318 receberam segunda dose. No total, 6.730 pessoas foram vacinadas at\u00e9 agora no munic\u00edpio. Cinquenta e sete idosos acima de 95 anos e 33 acamados foram vacinados hoje.<\/p>\n\n\n\n<p>Nesta quinta-feira, as equipes de enfermagem estiveram no Hospital Municipal Nelson S\u00e1 Earp, UPA Cascatinha, na Casa de Repouso Despertar, Lar Cotinha e Recanto da Terceira Idade. Al\u00e9m disso, foram vacinados os idosos acima de 95 anos nos dois pontos fixos montados no campus da Universidade Cat\u00f3lica de Petr\u00f3polis (UCP) na Rua Benjamin Constant, no Centro, e no Parque Municipal, em Itaipava. Os dois pontos de vacina\u00e7\u00e3o, que tamb\u00e9m funcionam no sistema drive thru, ficam abertos das 9h \u00e0s 16h. <\/p>\n\n\n\n<p>O atendimento exclusivo para idosos atender\u00e1 maiores de 95 anos at\u00e9 s\u00e1bado (13) e maiores de 90 anos a partir desta sexta-feira (12) at\u00e9 o pr\u00f3ximo s\u00e1bado, dia 20, com exce\u00e7\u00e3o de domingo (14) e ter\u00e7a-feira (16).<\/p>\n","protected":false},"excerpt":{"rendered":"<p>As equipes de enfermagem, sob coordena\u00e7\u00e3o do departamento de Vigil\u00e2ncia em Sa\u00fade, realizaram, nesta quinta-feira<\/p>\n","protected":false},"author":2,"featured_media":10315,"comment_status":"open","ping_status":"open","sticky":false,"template":"","format":"standard","meta":{"footnotes":""},"categories":[12],"tags":[],"class_list":["post-10314","post","type-post","status-publish","format-standard","has-post-thumbnail","hentry","category-cidade"],"_links":{"self":[{"href":"https:\/\/tvc16.com\/portal\/wp-json\/wp\/v2\/posts\/10314","targetHints":{"allow":["GET"]}}],"collection":[{"href":"https:\/\/tvc16.com\/portal\/wp-json\/wp\/v2\/posts"}],"about":[{"href":"https:\/\/tvc16.com\/portal\/wp-json\/wp\/v2\/types\/post"}],"author":[{"embeddable":true,"href":"https:\/\/tvc16.com\/portal\/wp-json\/wp\/v2\/users\/2"}],"replies":[{"embeddable":true,"href":"https:\/\/tvc16.com\/portal\/wp-json\/wp\/v2\/comments?post=10314"}],"version-history":[{"count":1,"href":"https:\/\/tvc16.com\/portal\/wp-json\/wp\/v2\/posts\/10314\/revisions"}],"predecessor-version":[{"id":10316,"href":"https:\/\/tvc16.com\/portal\/wp-json\/wp\/v2\/posts\/10314\/revisions\/10316"}],"wp:featuredmedia":[{"embeddable":true,"href":"https:\/\/tvc16.com\/portal\/wp-json\/wp\/v2\/media\/10315"}],"wp:attachment":[{"href":"https:\/\/tvc16.com\/portal\/wp-json\/wp\/v2\/media?parent=10314"}],"wp:term":[{"taxonomy":"category","embeddable":true,"href":"https:\/\/tvc16.com\/portal\/wp-json\/wp\/v2\/categories?post=10314"},{"taxonomy":"post_tag","embeddable":true,"href":"https:\/\/tvc16.com\/portal\/wp-json\/wp\/v2\/tags?post=10314"}],"curies":[{"name":"wp","href":"https:\/\/api.w.org\/{rel}","templated":true}]}}