{"id":103141,"date":"2025-04-26T06:00:00","date_gmt":"2025-04-26T09:00:00","guid":{"rendered":"https:\/\/tvc16.com\/portal\/?p=103141"},"modified":"2025-04-25T09:32:29","modified_gmt":"2025-04-25T12:32:29","slug":"petropolis-marca-presenca-no-mtm-minas-travel-market-para-potencializar-o-turismo-na-cidade","status":"publish","type":"post","link":"https:\/\/tvc16.com\/portal\/2025\/04\/26\/petropolis-marca-presenca-no-mtm-minas-travel-market-para-potencializar-o-turismo-na-cidade\/","title":{"rendered":"Petr\u00f3polis marca presen\u00e7a no MTM \u2013 Minas Travel Market para potencializar o turismo na cidade"},"content":{"rendered":"\n<p>Com um estande pr\u00f3prio, Petr\u00f3polis marca presen\u00e7a no MTM \u2013 Minas Travel Market, que acontece nesta quinta e sexta-feira (24 e 25 de abril), em Belo Horizonte. O evento re\u00fane mais de tr\u00eas mil profissionais de turismo de todo o Brasil, com uma programa\u00e7\u00e3o diversificada que inclui feira, capacita\u00e7\u00f5es e rodadas de neg\u00f3cios.<\/p>\n\n\n\n<p>\u201cO MTM \u00e9 uma oportunidade para mostrarmos a riqueza cultural e hist\u00f3rica de Petr\u00f3polis. Estamos comprometidos em fortalecer o turismo na nossa cidade e, por meio de eventos como este, conseguimos destacar a import\u00e2ncia de Petr\u00f3polis como um destino imperd\u00edvel. Nossa presen\u00e7a na feira \u00e9 um passo essencial para atrair mais visitantes e impulsionar nossa economia, alcan\u00e7ando mais de 20 milh\u00f5es de turistas potenciais\u201d, afirmou o prefeito Hingo Hammes.<\/p>\n\n\n\n<p>Al\u00e9m de promover as belezas naturais e culturais, Petr\u00f3polis tamb\u00e9m vai apresentar durante o evento o calend\u00e1rio unificado de eventos e o personagem Santos Dumont para interagir com os participantes e promover os atrativos tur\u00edsticos da cidade. O MTM \u00e9 visto como um evento essencial para o trade tur\u00edstico, fortalecendo conex\u00f5es e impulsionando o mercado.<\/p>\n\n\n\n<p>&#8220;A presen\u00e7a no MTM nos permite estreitar la\u00e7os com o mercado mineiro e apresentar as diversas op\u00e7\u00f5es que Petr\u00f3polis tem a oferecer aos turistas. Estamos confiantes de que essa participa\u00e7\u00e3o n\u00e3o s\u00f3 fortalecer\u00e1 parcerias comerciais, mas tamb\u00e9m ampliar\u00e1 a visibilidade da nossa cidade como um destino tur\u00edstico de excel\u00eancia&#8221;, ressaltou o secret\u00e1rio de Turismo, Pablo Kling.<\/p>\n","protected":false},"excerpt":{"rendered":"<p>Com um estande pr\u00f3prio, Petr\u00f3polis marca presen\u00e7a no MTM \u2013 Minas Travel Market, que acontece<\/p>\n","protected":false},"author":2,"featured_media":103142,"comment_status":"open","ping_status":"open","sticky":false,"template":"","format":"standard","meta":{"footnotes":""},"categories":[12],"tags":[],"class_list":["post-103141","post","type-post","status-publish","format-standard","has-post-thumbnail","hentry","category-cidade"],"_links":{"self":[{"href":"https:\/\/tvc16.com\/portal\/wp-json\/wp\/v2\/posts\/103141","targetHints":{"allow":["GET"]}}],"collection":[{"href":"https:\/\/tvc16.com\/portal\/wp-json\/wp\/v2\/posts"}],"about":[{"href":"https:\/\/tvc16.com\/portal\/wp-json\/wp\/v2\/types\/post"}],"author":[{"embeddable":true,"href":"https:\/\/tvc16.com\/portal\/wp-json\/wp\/v2\/users\/2"}],"replies":[{"embeddable":true,"href":"https:\/\/tvc16.com\/portal\/wp-json\/wp\/v2\/comments?post=103141"}],"version-history":[{"count":1,"href":"https:\/\/tvc16.com\/portal\/wp-json\/wp\/v2\/posts\/103141\/revisions"}],"predecessor-version":[{"id":103143,"href":"https:\/\/tvc16.com\/portal\/wp-json\/wp\/v2\/posts\/103141\/revisions\/103143"}],"wp:featuredmedia":[{"embeddable":true,"href":"https:\/\/tvc16.com\/portal\/wp-json\/wp\/v2\/media\/103142"}],"wp:attachment":[{"href":"https:\/\/tvc16.com\/portal\/wp-json\/wp\/v2\/media?parent=103141"}],"wp:term":[{"taxonomy":"category","embeddable":true,"href":"https:\/\/tvc16.com\/portal\/wp-json\/wp\/v2\/categories?post=103141"},{"taxonomy":"post_tag","embeddable":true,"href":"https:\/\/tvc16.com\/portal\/wp-json\/wp\/v2\/tags?post=103141"}],"curies":[{"name":"wp","href":"https:\/\/api.w.org\/{rel}","templated":true}]}}