{"id":103144,"date":"2025-04-27T06:00:00","date_gmt":"2025-04-27T09:00:00","guid":{"rendered":"https:\/\/tvc16.com\/portal\/?p=103144"},"modified":"2025-04-26T13:15:07","modified_gmt":"2025-04-26T16:15:07","slug":"documentario-que-retrata-experiencia-de-mulheres-no-entorno-do-parque-estadual-dos-tres-picos-estreia-no-dia-30-de-abril-em-nova-friburgo","status":"publish","type":"post","link":"https:\/\/tvc16.com\/portal\/2025\/04\/27\/documentario-que-retrata-experiencia-de-mulheres-no-entorno-do-parque-estadual-dos-tres-picos-estreia-no-dia-30-de-abril-em-nova-friburgo\/","title":{"rendered":"Document\u00e1rio que retrata experi\u00eancia de mulheres no entorno do Parque Estadual dos Tr\u00eas Picos estreia no dia 30 de abril em Nova Friburgo"},"content":{"rendered":"\n<p><strong>O filme \u2018Via\u00e7\u00e3o Canela\u2019, das jornalistas Luciana Thomaz e Car\u00fa Rezende, revela como cultura, tradi\u00e7\u00e3o e sustentabilidade se entrela\u00e7am no cotidiano dessas comunidades<\/strong><\/p>\n\n\n\n<p><strong><br><\/strong>O&nbsp;<strong>document\u00e1rio \u2018Via\u00e7\u00e3o Canela\u2019<\/strong>, das jornalistas Luciana Thomaz e Car\u00fa Rezende, estreia no dia 30 de abril, \u00e0s 19h, na&nbsp;<strong>Usina Cultural Energisa, em Nova Friburgo<\/strong>, e tamb\u00e9m no canal do Youtube: @tudoebatuque, convidando o p\u00fablico a viver uma jornada sens\u00edvel, potente e profundamente conectada com a natureza, a cultura local e as hist\u00f3rias de mulheres transformadas pela conviv\u00eancia com o Parque Estadual dos Tr\u00eas Picos \u2013 o maior parque estadual do estado do Rio de Janeiro.<br><br>Mais do que um filme, \u2018Via\u00e7\u00e3o Canela\u2019 \u00e9 um reencontro. Criado originalmente em 2004, o projeto retorna 20 anos depois em formato cinematogr\u00e1fico para explorar as interse\u00e7\u00f5es entre territ\u00f3rio, identidade e resist\u00eancia feminina.<\/p>\n\n\n\n<p>\u201cNo in\u00edcio dos anos 2000, a ideia era criar oportunidades para viajar e exercitar todo o nosso potencial de produ\u00e7\u00e3o. Era um ensaio para os \u2018vlogs\u2019 de hoje em dia. O Via\u00e7\u00e3o Canela sempre teve o objetivo de informar atrav\u00e9s da viv\u00eancia de um turismo sustent\u00e1vel, sempre colocando a comunidade local em primeiro plano\u201d, ressalta&nbsp;<strong>Luciana Thomaz, diretora do filme.<\/strong><\/p>\n\n\n\n<p>Com um olhar intimista, o document\u00e1rio mergulha nas experi\u00eancias de mulheres que vivem no entorno do parque \u2013 abrangendo os munic\u00edpios de Nova Friburgo e Cachoeiras de Macacu \u2013 revelando como cultura, tradi\u00e7\u00e3o e sustentabilidade se entrela\u00e7am no cotidiano dessas comunidades.&nbsp; A obra prop\u00f5e uma reflex\u00e3o profunda sobre conserva\u00e7\u00e3o ambiental, turismo ecol\u00f3gico e o papel das mulheres na constru\u00e7\u00e3o de futuros mais justos e integrados com a terra.<\/p>\n\n\n\n<p>&#8220;Estamos comprometidas com a preserva\u00e7\u00e3o do meio ambiente e acreditamos que as verdadeiras protagonistas dessa transforma\u00e7\u00e3o s\u00e3o as pessoas que tornam isso poss\u00edvel. Ao conhecer tantas mulheres dedicadas \u00e0 hist\u00f3ria e \u00e0 cultura do Parque Estadual dos Tr\u00eas Picos, fiquei profundamente encantada com seu empenho e paix\u00e3o. O Via\u00e7\u00e3o Canela surge como uma oportunidade \u00fanica de resgatar n\u00e3o apenas o amor pela natureza, mas tamb\u00e9m a valoriza\u00e7\u00e3o da cultura local e a import\u00e2ncia da comunica\u00e7\u00e3o na constru\u00e7\u00e3o de um futuro mais sustent\u00e1vel\u201d, afirma&nbsp;<strong>Car\u00fa Rezende, diretora de produ\u00e7\u00e3o do projeto.<\/strong><\/p>\n\n\n\n<p>O projeto \u00e9 realizado pela Produtora TUDO \u00c9 BATUQUE em parceria com a FEROZ &#8211; LABORAT\u00d3RIO CRIATIVO, com apoio cultural do INEA &#8211; Instituto Nacional do Meio Ambiente e do Parque Estadual dos Tr\u00eas Picos e patroc\u00ednio do Governo Federal, Minist\u00e9rio da Cultura, Governo do Estado do Rio de Janeiro, Secretaria de Estado de Cultura e Economia Criativa do Rio de Janeiro, atrav\u00e9s da Lei Paulo Gustavo.<\/p>\n\n\n\n<p>Data da estreia: 30 de abril de 2025<br>Hor\u00e1rio: 19h<br>Local: Usina Cultural Energisa \u2013 Nova Friburgo (Entrada gratuita)<br>Dispon\u00edvel no Youtube:&nbsp;<a>@tudoebatuque<\/a><\/p>\n\n\n\n<p>Mais informa\u00e7\u00f5es e atualiza\u00e7\u00f5es:<br>@viacaocanela<br><br><br><strong>FICHA T\u00c9CNICA:<\/strong><\/p>\n\n\n\n<p>DIRE\u00c7\u00c3O: LUCIANA THOMAZ<\/p>\n\n\n\n<p>DIRE\u00c7\u00c3O DE PRODU\u00c7\u00c3O: CAR\u00da REZENDE<\/p>\n\n\n\n<p>ASSIST\u00caNCIA DE DIRE\u00c7\u00c3O: HUSSAN FADEL<\/p>\n\n\n\n<p>ASSIST\u00caNCIA DE PRODU\u00c7\u00c3O: FERNANDA LAURO, FERNANDO MOREIRA, NAIARA RENTES E WILSON PINHEIRO<\/p>\n\n\n\n<p>DIRE\u00c7\u00c3O DE FOTOGRAFIA: DAVI MOTTA<\/p>\n\n\n\n<p>ROTEIRO: DAVI MOTTA E HUSSAN FADEL<\/p>\n\n\n\n<p>PESQUISA: HUSSAN FADEL<\/p>\n\n\n\n<p>IMAGENS: DAVI MOTTA E MARCELO FARIA<\/p>\n\n\n\n<p>DRONE: RAPHAEL PINHEIRO<\/p>\n\n\n\n<p>\u00c1UDIO: CASSIANO BENHUR E GUTO SOARES&nbsp;<\/p>\n\n\n\n<p>EDI\u00c7\u00c3O: PABLO PAIS E LUCIANA THOMAZ<\/p>\n\n\n\n<p>LEGENDA: PABLO PAIS<\/p>\n\n\n\n<p>FINALIZA\u00c7\u00c3O E TRILHA SONORA: PABLO PAIS<\/p>\n\n\n\n<p>AUDIODESCRI\u00c7\u00c3O: KELLY SCORALICK E SAMIR HAUAJI<\/p>\n\n\n\n<p>LEGENDAGEM DESCRITIVA:REPLAY VIDEO<\/p>\n\n\n\n<p>ENTREVISTADORAS: CAR\u00da REZENDE E LUCIANA THOMAZ<\/p>\n\n\n\n<p>STILL: JURAN SANTOS<\/p>\n\n\n\n<p>REDES SOCIAL: WILSON PINHEIRO<\/p>\n\n\n\n<p>ASSESSORIA DE IMPRENSA: NAIARA RENTES<\/p>\n\n\n\n<p>IDENTIDADE VISUAL: NAYHARA PACHECO&nbsp;<\/p>\n\n\n\n<p>ARTE GR\u00c1FICA: CAR\u00da REZENDE<\/p>\n\n\n\n<p>MOTORISTA: PAULO MONTANHA<\/p>\n\n\n\n<p>APOIO: INEA, PARQUE ESTADUAL DOS TR\u00caS PICOS, ENERGISA CULTURAL<\/p>\n\n\n\n<p>REFUGIO TR\u00caS PICOS, CAMPING CALED\u00d4NIA, FL\u00c1VIA DAUDT &#8211; CONSULTORA DE APAR\u00caNCIA<\/p>\n\n\n\n<p>CAR\u00da E LU VESTEM: HIPY E SURIEL &#8211; SLOW FASHION<\/p>\n","protected":false},"excerpt":{"rendered":"<p>O filme \u2018Via\u00e7\u00e3o Canela\u2019, das jornalistas Luciana Thomaz e Car\u00fa Rezende, revela como cultura, tradi\u00e7\u00e3o<\/p>\n","protected":false},"author":2,"featured_media":103145,"comment_status":"open","ping_status":"open","sticky":false,"template":"","format":"standard","meta":{"footnotes":""},"categories":[17],"tags":[],"class_list":["post-103144","post","type-post","status-publish","format-standard","has-post-thumbnail","hentry","category-outras-noticias"],"_links":{"self":[{"href":"https:\/\/tvc16.com\/portal\/wp-json\/wp\/v2\/posts\/103144","targetHints":{"allow":["GET"]}}],"collection":[{"href":"https:\/\/tvc16.com\/portal\/wp-json\/wp\/v2\/posts"}],"about":[{"href":"https:\/\/tvc16.com\/portal\/wp-json\/wp\/v2\/types\/post"}],"author":[{"embeddable":true,"href":"https:\/\/tvc16.com\/portal\/wp-json\/wp\/v2\/users\/2"}],"replies":[{"embeddable":true,"href":"https:\/\/tvc16.com\/portal\/wp-json\/wp\/v2\/comments?post=103144"}],"version-history":[{"count":1,"href":"https:\/\/tvc16.com\/portal\/wp-json\/wp\/v2\/posts\/103144\/revisions"}],"predecessor-version":[{"id":103146,"href":"https:\/\/tvc16.com\/portal\/wp-json\/wp\/v2\/posts\/103144\/revisions\/103146"}],"wp:featuredmedia":[{"embeddable":true,"href":"https:\/\/tvc16.com\/portal\/wp-json\/wp\/v2\/media\/103145"}],"wp:attachment":[{"href":"https:\/\/tvc16.com\/portal\/wp-json\/wp\/v2\/media?parent=103144"}],"wp:term":[{"taxonomy":"category","embeddable":true,"href":"https:\/\/tvc16.com\/portal\/wp-json\/wp\/v2\/categories?post=103144"},{"taxonomy":"post_tag","embeddable":true,"href":"https:\/\/tvc16.com\/portal\/wp-json\/wp\/v2\/tags?post=103144"}],"curies":[{"name":"wp","href":"https:\/\/api.w.org\/{rel}","templated":true}]}}