{"id":103150,"date":"2025-04-25T09:40:44","date_gmt":"2025-04-25T12:40:44","guid":{"rendered":"https:\/\/tvc16.com\/portal\/?p=103150"},"modified":"2025-04-25T09:40:44","modified_gmt":"2025-04-25T12:40:44","slug":"empresarios-de-petropolis-acompanham-palestra-sobre-ia-e-tendencias-do-varejo-com-base-na-nrf-2025","status":"publish","type":"post","link":"https:\/\/tvc16.com\/portal\/2025\/04\/25\/empresarios-de-petropolis-acompanham-palestra-sobre-ia-e-tendencias-do-varejo-com-base-na-nrf-2025\/","title":{"rendered":"Empres\u00e1rios de Petr\u00f3polis acompanham palestra sobre IA e tend\u00eancias do varejo com base na NRF 2025"},"content":{"rendered":"\n<p><strong>CDL Petr\u00f3polis promove encontro direcionado aos lojistas<\/strong><\/p>\n\n\n\n<p>Mais de 50 empres\u00e1rios participaram, na manh\u00e3 desta quarta-feira (24), da palestra do CEO da AlterData, Ladmir Carvalho, na sede da C\u00e2mara de Dirigentes Lojistas de Petr\u00f3polis (CDL). O evento apresentou, de forma pr\u00e1tica e acess\u00edvel, os principais insights da NRF 2025 \u2013 maior feira de varejo do mundo \u2013 com foco na intelig\u00eancia artificial e na transforma\u00e7\u00e3o do setor.<\/p>\n\n\n\n<p>As boas-vindas foram feitas pelo assessor da presid\u00eancia da CDL, Charles Rossi, que refor\u00e7ou a import\u00e2ncia de manter o empresariado atualizado. \u201cAcreditamos que o empreendedor bem informado tem mais chances de enfrentar os desafios do mercado com seguran\u00e7a. Essa conversa com o Ladmir \u00e9 mais do que atual, \u00e9 essencial\u201d, afirmou.<\/p>\n\n\n\n<p>Durante sua apresenta\u00e7\u00e3o, Ladmir destacou que as mudan\u00e7as em curso no varejo s\u00e3o profundas e estruturais. \u201cA forma de pensar est\u00e1 mudando, e essas transforma\u00e7\u00f5es s\u00e3o muito mais estruturais do que costumam ser. O Brasil ainda n\u00e3o est\u00e1 entendendo isso\u201d, afirmou. Segundo ele, 75% das empresas ainda enfrentam dificuldades para acompanhar o ritmo da acelera\u00e7\u00e3o da intelig\u00eancia artificial.<\/p>\n\n\n\n<p>O palestrante ressaltou tamb\u00e9m a necessidade de preparo humano para lidar com a nova realidade tecnol\u00f3gica. \u201cAs pessoas ainda n\u00e3o est\u00e3o preparadas para a IA. H\u00e1 uma defici\u00eancia grande na parte humana para lidar com essa tecnologia que \u00e9 acelerada\u201d, alertou. Ladmir apresentou ainda dados do mercado dos Estados Unidos, onde 93% da popula\u00e7\u00e3o j\u00e1 utiliza intelig\u00eancia artificial. \u201cA Walmart, uma das gigantes do setor, reduziu 40% do custo com IA. Em m\u00e9dia, as empresas aumentaram em 50% a produtividade com o uso da tecnologia\u201d, exemplificou.<\/p>\n\n\n\n<p>A converg\u00eancia entre canais f\u00edsicos e digitais tamb\u00e9m foi um dos temas centrais. Segundo o CEO da AlterData, o conflito entre e-commerce e lojas f\u00edsicas j\u00e1 n\u00e3o faz mais sentido: hoje, s\u00e3o frentes complementares. \u201cNa loja f\u00edsica, o cliente quer viver a experi\u00eancia. Ela precisa ser um ponto de viv\u00eancia, e n\u00e3o apenas de vendas\u201d, afirmou. Ele chamou a aten\u00e7\u00e3o para o uso estrat\u00e9gico de dados como forma de aproximar a marca do consumidor. \u201cMuitas empresas t\u00eam um data-base poderoso, mas n\u00e3o usam isso para conhecer melhor seus clientes e, assim, deixam de oferecer a imers\u00e3o que eles desejam.\u201d<\/p>\n\n\n\n<p>Ladmir tamb\u00e9m abordou o impacto das novas gera\u00e7\u00f5es, como a Z e Alpha, no consumo. Para ele, praticidade, experi\u00eancias imersivas e pagamentos digitais s\u00e3o demandas que o varejo precisa acompanhar com urg\u00eancia para continuar competitivo.<\/p>\n\n\n\n<p>O presidente da CDL Petr\u00f3polis, Claudio Mohammad, destaca a import\u00e2ncia de trazer esse tipo de conte\u00fado para o empresariado local. \u201cPrecisamos estar atentos \u00e0s mudan\u00e7as e dispostos a aprender sempre. Essa troca de ideias \u00e9 o que move o com\u00e9rcio para frente e prepara o setor para o futuro\u201d, afirma.<\/p>\n","protected":false},"excerpt":{"rendered":"<p>CDL Petr\u00f3polis promove encontro direcionado aos lojistas Mais de 50 empres\u00e1rios participaram, na manh\u00e3 desta<\/p>\n","protected":false},"author":2,"featured_media":103151,"comment_status":"open","ping_status":"open","sticky":false,"template":"","format":"standard","meta":{"footnotes":""},"categories":[12],"tags":[],"class_list":["post-103150","post","type-post","status-publish","format-standard","has-post-thumbnail","hentry","category-cidade"],"_links":{"self":[{"href":"https:\/\/tvc16.com\/portal\/wp-json\/wp\/v2\/posts\/103150","targetHints":{"allow":["GET"]}}],"collection":[{"href":"https:\/\/tvc16.com\/portal\/wp-json\/wp\/v2\/posts"}],"about":[{"href":"https:\/\/tvc16.com\/portal\/wp-json\/wp\/v2\/types\/post"}],"author":[{"embeddable":true,"href":"https:\/\/tvc16.com\/portal\/wp-json\/wp\/v2\/users\/2"}],"replies":[{"embeddable":true,"href":"https:\/\/tvc16.com\/portal\/wp-json\/wp\/v2\/comments?post=103150"}],"version-history":[{"count":1,"href":"https:\/\/tvc16.com\/portal\/wp-json\/wp\/v2\/posts\/103150\/revisions"}],"predecessor-version":[{"id":103152,"href":"https:\/\/tvc16.com\/portal\/wp-json\/wp\/v2\/posts\/103150\/revisions\/103152"}],"wp:featuredmedia":[{"embeddable":true,"href":"https:\/\/tvc16.com\/portal\/wp-json\/wp\/v2\/media\/103151"}],"wp:attachment":[{"href":"https:\/\/tvc16.com\/portal\/wp-json\/wp\/v2\/media?parent=103150"}],"wp:term":[{"taxonomy":"category","embeddable":true,"href":"https:\/\/tvc16.com\/portal\/wp-json\/wp\/v2\/categories?post=103150"},{"taxonomy":"post_tag","embeddable":true,"href":"https:\/\/tvc16.com\/portal\/wp-json\/wp\/v2\/tags?post=103150"}],"curies":[{"name":"wp","href":"https:\/\/api.w.org\/{rel}","templated":true}]}}