{"id":10317,"date":"2021-02-12T08:00:00","date_gmt":"2021-02-12T11:00:00","guid":{"rendered":"https:\/\/tvc16.com\/portal\/?p=10317"},"modified":"2021-02-11T21:18:50","modified_gmt":"2021-02-12T00:18:50","slug":"bares-estao-autorizados-a-funcionar-no-feriado-de-carnaval-em-petropolis","status":"publish","type":"post","link":"https:\/\/tvc16.com\/portal\/2021\/02\/12\/bares-estao-autorizados-a-funcionar-no-feriado-de-carnaval-em-petropolis\/","title":{"rendered":"Bares est\u00e3o autorizados a funcionar no feriado de Carnaval em Petr\u00f3polis"},"content":{"rendered":"\n<p>Estabelecimentos dever\u00e3o continuar seguindo rigorosamente medidas contra a covid-19 e fechar at\u00e9 meia-noite<\/p>\n\n\n\n<p>Os bares do Centro e distritos de Petr\u00f3polis foram autorizados a funcionar durante o feriado de Carnaval desde que continuem seguindo rigorosamente as medidas contra a covid-19. Tais medidas j\u00e1 vem sendo adotadas desde que o munic\u00edpio autorizou a reabertura com o decreto de flexibiliza\u00e7\u00e3o no ano passado. Os estabelecimentos tamb\u00e9m dever\u00e3o fechar at\u00e9 meia-noite e o funcionamento \u00e9 restrito a 30% da capacidade do local, que tamb\u00e9m \u00e9 respons\u00e1vel por garantir o distanciamento entre as mesas e disponibilizar \u00e1lcool em gel para os frequentadores.<\/p>\n\n\n\n<p>O munic\u00edpio tamb\u00e9m autoriza que os bares tenham m\u00fasica ao vivo, por\u00e9m n\u00e3o podem ter pista de dan\u00e7a para n\u00e3o gerar aglomera\u00e7\u00e3o. Na manh\u00e3 desta quinta-feira (11) todos esses cuidados foram refor\u00e7ados durante uma reuni\u00e3o com o Sindicato de Hospedagem e Alimenta\u00e7\u00e3o de Petr\u00f3polis, empres\u00e1rios e representantes da Secretaria de Seguran\u00e7a e Ordem P\u00fablica e Planejamento e Estrat\u00e9gia.<\/p>\n\n\n\n<p>Segundo Germano Valente, presidente do Sindicato de Hospedagem e Alimenta\u00e7\u00e3o de Petr\u00f3polis, o funcionamento dos bares nesse per\u00edodo \u00e9 importante uma vez que o setor foi um dos mais impactados pela pandemia do novo coronav\u00edrus. Ele diz que \u00e9 importante que a popula\u00e7\u00e3o seja consciente e tome os cuidados necess\u00e1rios, mas acredita que manter os bares abertos com as medidas de seguran\u00e7a \u00e9 fundamental para recupera\u00e7\u00e3o da economia e at\u00e9 mesmo possibilidade de gera\u00e7\u00e3o de novos empregos a m\u00e9dio prazo.<\/p>\n\n\n\n<p>\u201cSabemos que ainda n\u00e3o \u00e9 o momento de comemorar e, por este motivo, todas as quest\u00f5es de seguran\u00e7a sanit\u00e1ria continuar\u00e3o sendo observadas rigorosamente pelos estabelecimentos\u201d, afirma Germano. Ele ressalta ainda a import\u00e2ncia de manter os bares em funcionamento e lembra um estudo feito nos Estados Unidos no ano passado que mostra que a contamina\u00e7\u00e3o por covid-19 em bares e restaurantes equivale a menos de 1,5% do total. J\u00e1 as \u201csociais\u201d em casas e viagens com amigos correspondem a 75% por serem ambientes que, na maioria das vezes, n\u00e3o respeitam regras de distanciamento, uso de m\u00e1scaras e \u00e1lcool em gel.<\/p>\n\n\n\n<p>Augusto Pellegrini Nicodemus \u00e9 empres\u00e1rio e afirma que poder manter o bar aberto nesse per\u00edodo \u00e9 essencial para o setor que vem fragilizado pelos impactos da pandemia. Ele disse que, atualmente, est\u00e1 com apenas 60% do faturamento e j\u00e1 teve que dispensar 40% do quadro de funcion\u00e1rios desde que a pandemia come\u00e7ou. \u201cAcredito que esta foi uma decis\u00e3o acertada do munic\u00edpio de manter os bares abertos durante o carnaval. J\u00e1 fomos muito impactados e a economia ainda caminha devagar. Estamos otimistas com rela\u00e7\u00e3o \u00e0 vacina, mas ainda temos que ter cautela porque n\u00e3o sabemos como v\u00e3o ser os pr\u00f3ximos meses\u201d, afirma.<\/p>\n\n\n\n<p><\/p>\n","protected":false},"excerpt":{"rendered":"<p>Estabelecimentos dever\u00e3o continuar seguindo rigorosamente medidas contra a covid-19 e fechar at\u00e9 meia-noite Os bares<\/p>\n","protected":false},"author":2,"featured_media":10320,"comment_status":"open","ping_status":"open","sticky":false,"template":"","format":"standard","meta":{"footnotes":""},"categories":[12],"tags":[],"class_list":["post-10317","post","type-post","status-publish","format-standard","has-post-thumbnail","hentry","category-cidade"],"_links":{"self":[{"href":"https:\/\/tvc16.com\/portal\/wp-json\/wp\/v2\/posts\/10317","targetHints":{"allow":["GET"]}}],"collection":[{"href":"https:\/\/tvc16.com\/portal\/wp-json\/wp\/v2\/posts"}],"about":[{"href":"https:\/\/tvc16.com\/portal\/wp-json\/wp\/v2\/types\/post"}],"author":[{"embeddable":true,"href":"https:\/\/tvc16.com\/portal\/wp-json\/wp\/v2\/users\/2"}],"replies":[{"embeddable":true,"href":"https:\/\/tvc16.com\/portal\/wp-json\/wp\/v2\/comments?post=10317"}],"version-history":[{"count":1,"href":"https:\/\/tvc16.com\/portal\/wp-json\/wp\/v2\/posts\/10317\/revisions"}],"predecessor-version":[{"id":10319,"href":"https:\/\/tvc16.com\/portal\/wp-json\/wp\/v2\/posts\/10317\/revisions\/10319"}],"wp:featuredmedia":[{"embeddable":true,"href":"https:\/\/tvc16.com\/portal\/wp-json\/wp\/v2\/media\/10320"}],"wp:attachment":[{"href":"https:\/\/tvc16.com\/portal\/wp-json\/wp\/v2\/media?parent=10317"}],"wp:term":[{"taxonomy":"category","embeddable":true,"href":"https:\/\/tvc16.com\/portal\/wp-json\/wp\/v2\/categories?post=10317"},{"taxonomy":"post_tag","embeddable":true,"href":"https:\/\/tvc16.com\/portal\/wp-json\/wp\/v2\/tags?post=10317"}],"curies":[{"name":"wp","href":"https:\/\/api.w.org\/{rel}","templated":true}]}}