{"id":103187,"date":"2025-04-27T09:34:09","date_gmt":"2025-04-27T12:34:09","guid":{"rendered":"https:\/\/tvc16.com\/portal\/?p=103187"},"modified":"2025-04-27T09:34:09","modified_gmt":"2025-04-27T12:34:09","slug":"especialistas-da-radioserra-radioterapia-publicam-estudo-na-sociedade-americana-de-oncologia-de-radiacao-sobre-a-relacao-do-tabagismo-e-o-tratamento-do-cancer","status":"publish","type":"post","link":"https:\/\/tvc16.com\/portal\/2025\/04\/27\/especialistas-da-radioserra-radioterapia-publicam-estudo-na-sociedade-americana-de-oncologia-de-radiacao-sobre-a-relacao-do-tabagismo-e-o-tratamento-do-cancer\/","title":{"rendered":"Especialistas da RadioSerra Radioterapia publicam estudo na Sociedade Americana de Oncologia de Radia\u00e7\u00e3o sobre a rela\u00e7\u00e3o do tabagismo e o tratamento do c\u00e2ncer"},"content":{"rendered":"\n<p><em>Anualmente a equipe de radio-oncologistas acompanha pesquisas sobre tratamentos com radioterapia para o c\u00e2ncer debatidos mundialmente<\/em><\/p>\n\n\n\n<p>O impacto do tabagismo em pacientes em tratamento radioter\u00e1pico de c\u00e2ncer de pulm\u00e3o. Esse foi o objeto do estudo da equipe m\u00e9dica da&nbsp;<strong>Cl\u00ednica RadioSerrra Radioterapia,<\/strong>&nbsp;publicado pela&nbsp;<strong>Sociedade Americana de Oncologia de Radia\u00e7\u00e3o (ASCO)<\/strong>. A pesquisa que envolveu uma equipe de 14 m\u00e9dicos radio-oncologistas e estudantes de medicina foi realizada ao longo de 22 meses, com 211 pacientes, que mesmo em tratamento, mantiveram o uso do cigarro. Os resultados apontam a interfer\u00eancia negativa na sobrevida dos pacientes e aumento da toxicidade pulmonar.&nbsp;<\/p>\n\n\n\n<p>O estudo tem como objetivo avaliar a sobrevida global e identificar preditores progn\u00f3sticos significativos entre pacientes com c\u00e2ncer de pulm\u00e3o. A an\u00e1lise leva em considera\u00e7\u00e3o que o c\u00e2ncer de pulm\u00e3o continua sendo a principal causa de mortalidade relacionada \u00e0 doen\u00e7a em todo o mundo. De acordo com os especialistas, neste cen\u00e1rio, a radioterapia vem desempenhando um papel fundamental no tratamento, no entanto, tendo a sobrevida afetada por diversos \u201cfatores cl\u00ednicos, demogr\u00e1ficos e dosim\u00e9tricos\u201d.&nbsp;<\/p>\n\n\n\n<p>\u201cFatores como idade avan\u00e7ada, est\u00e1gio cl\u00ednico da doen\u00e7a, presen\u00e7a de comorbidades e, especialmente, o tabagismo ativo durante o tratamento, t\u00eam impacto direto nos resultados terap\u00eauticos\u201d, destacou o&nbsp;<strong>m\u00e9dico radio-oncologista Dr. Daniel Przybysz<\/strong>, que este ano acompanhar\u00e1 novamente o congresso da ASCO, realizado na Calif\u00f3rnia, reunindo especialistas para debater os avan\u00e7os para o tratamento e cura do c\u00e2ncer.<\/p>\n\n\n\n<p>O estudo mostra que pacientes com a doen\u00e7a em est\u00e1gio mais avan\u00e7ado, que mantiveram o h\u00e1bito do tabagismo ao longo do tratamento, apresentaram maior criticidade de toxicidade pulmonar induzida por radia\u00e7\u00e3o.&nbsp;<\/p>\n\n\n\n<p>\u201cOs dados refor\u00e7am o que j\u00e1 percebemos na pr\u00e1tica cl\u00ednica: o tabagismo \u00e9 um fator agravante n\u00e3o apenas para o surgimento do c\u00e2ncer, mas tamb\u00e9m para a efic\u00e1cia e seguran\u00e7a do tratamento. Nosso objetivo com o estudo foi quantificar esse impacto e ajudar na tomada de decis\u00f5es cl\u00ednicas mais precisas\u201d, explica a<strong>&nbsp;m\u00e9dica radio-oncologista Dra. Marina Costa<\/strong>, uma das autoras do trabalho.<\/p>\n\n\n\n<p>O estudo estar\u00e1 dispon\u00edvel, a partir do m\u00eas de maio, no site ASCO Publications (<a href=\"https:\/\/ascopubs.org\/\" target=\"_blank\" rel=\"noreferrer noopener\"><strong>https:\/\/ascopubs.org\/<\/strong><\/a>).<\/p>\n\n\n\n<p><strong>O tabagismo \u00e9 o principal fator para o c\u00e2ncer de pulm\u00e3o<\/strong><br>De acordo com o Instituto Nacional de C\u00e2ncer (Inca), o cigarro \u00e9 o fator de risco mais importante para o desenvolvimento do c\u00e2ncer de pulm\u00e3o. De acordo com as \u00faltimas estimativas do instituto (2023), \u00e9 o terceiro mais comum em homens e o quarto em mulheres no Brasil, exceto o c\u00e2ncer de pele n\u00e3o melanoma. A doen\u00e7a \u00e9 a primeira em todo o mundo em incid\u00eancia entre os homens e a terceira entre as mulheres.<\/p>\n","protected":false},"excerpt":{"rendered":"<p>Anualmente a equipe de radio-oncologistas acompanha pesquisas sobre tratamentos com radioterapia para o c\u00e2ncer debatidos<\/p>\n","protected":false},"author":2,"featured_media":103188,"comment_status":"open","ping_status":"open","sticky":false,"template":"","format":"standard","meta":{"footnotes":""},"categories":[12],"tags":[],"class_list":["post-103187","post","type-post","status-publish","format-standard","has-post-thumbnail","hentry","category-cidade"],"_links":{"self":[{"href":"https:\/\/tvc16.com\/portal\/wp-json\/wp\/v2\/posts\/103187","targetHints":{"allow":["GET"]}}],"collection":[{"href":"https:\/\/tvc16.com\/portal\/wp-json\/wp\/v2\/posts"}],"about":[{"href":"https:\/\/tvc16.com\/portal\/wp-json\/wp\/v2\/types\/post"}],"author":[{"embeddable":true,"href":"https:\/\/tvc16.com\/portal\/wp-json\/wp\/v2\/users\/2"}],"replies":[{"embeddable":true,"href":"https:\/\/tvc16.com\/portal\/wp-json\/wp\/v2\/comments?post=103187"}],"version-history":[{"count":1,"href":"https:\/\/tvc16.com\/portal\/wp-json\/wp\/v2\/posts\/103187\/revisions"}],"predecessor-version":[{"id":103189,"href":"https:\/\/tvc16.com\/portal\/wp-json\/wp\/v2\/posts\/103187\/revisions\/103189"}],"wp:featuredmedia":[{"embeddable":true,"href":"https:\/\/tvc16.com\/portal\/wp-json\/wp\/v2\/media\/103188"}],"wp:attachment":[{"href":"https:\/\/tvc16.com\/portal\/wp-json\/wp\/v2\/media?parent=103187"}],"wp:term":[{"taxonomy":"category","embeddable":true,"href":"https:\/\/tvc16.com\/portal\/wp-json\/wp\/v2\/categories?post=103187"},{"taxonomy":"post_tag","embeddable":true,"href":"https:\/\/tvc16.com\/portal\/wp-json\/wp\/v2\/tags?post=103187"}],"curies":[{"name":"wp","href":"https:\/\/api.w.org\/{rel}","templated":true}]}}