{"id":103200,"date":"2025-04-26T13:17:00","date_gmt":"2025-04-26T16:17:00","guid":{"rendered":"https:\/\/tvc16.com\/portal\/?p=103200"},"modified":"2025-04-26T13:17:01","modified_gmt":"2025-04-26T16:17:01","slug":"petropolis-e-integrada-a-rede-estadual-de-comunicacao-via-radio-e-recebe-20-equipamentos","status":"publish","type":"post","link":"https:\/\/tvc16.com\/portal\/2025\/04\/26\/petropolis-e-integrada-a-rede-estadual-de-comunicacao-via-radio-e-recebe-20-equipamentos\/","title":{"rendered":"Petr\u00f3polis \u00e9 integrada \u00e0 rede estadual de comunica\u00e7\u00e3o via r\u00e1dio e recebe 20 equipamentos"},"content":{"rendered":"\n<p><em>Com esse sistema, Petr\u00f3polis conseguir\u00e1 manter a comunica\u00e7\u00e3o em momentos cr\u00edticos, como dias de eventos clim\u00e1ticos extremos<\/em><\/p>\n\n\n\n<p>Petr\u00f3polis recebeu nesta sexta-feira (25\/04) 20 aparelhos de radiocomunica\u00e7\u00e3o e, com isso, foi inclu\u00eddo no Sistema Integrado de Radiocomunica\u00e7\u00e3o Cr\u00edtica Estadual (Sirce). Esses equipamentos ser\u00e3o utilizados por Guarda Civil e Defesa Civil para manter a comunica\u00e7\u00e3o em momentos cr\u00edticos, como dias de eventos clim\u00e1ticos extremos (como tempestades e queimadas) ou que mobilize esquemas de seguran\u00e7a.<\/p>\n\n\n\n<p>Os equipamentos foram recebidos pelo prefeito Hingo Hammes e entregues pelo comandante do 26\u00ba BPM, tenente-coronel Marcello Guimar\u00e3es, e pelo Superintendente de Comunica\u00e7\u00f5es Cr\u00edticas (CCrit), coronel Jos\u00e9 Ramos. O Sirce \u00e9 uma rede operada pela PM, mas que permite a comunica\u00e7\u00e3o via r\u00e1dio entre diversos \u00f3rg\u00e3os em momentos onde \u00e9 necess\u00e1rio manter contato ininterrupto.<\/p>\n\n\n\n<p>&#8220;A gente espera que n\u00e3o seja necess\u00e1rio enfrentar condi\u00e7\u00f5es de chuva ou eventos clim\u00e1ticos extremos, mas temos que estar preparados para isso. Estar integrado nessa rede de comunica\u00e7\u00e3o \u00e9 fundamental nesse sentido, porque precisamos estar em contato frequente com a Defesa Civil, com nossa a Guarda, com os Bombeiros, com a PM, com a Pol\u00edcia Civil, com todo mundo, para ter uma atua\u00e7\u00e3o mais r\u00e1pida e mais adequada em momentos cr\u00edticos. Essa medida \u00e9 muito importante para o nosso munic\u00edpio&#8221;, destaca o prefeito Hingo Hammes.<\/p>\n\n\n\n<p>Esse sistema j\u00e1 est\u00e1 presente em mais de 80 cidades fluminenses e \u00e9 utilizado por for\u00e7as de seguran\u00e7a, \u00f3rg\u00e3os ambientais, concession\u00e1rias de energia e saneamento que atuam no estado. E, agora, vai funcionar tamb\u00e9m em Petr\u00f3polis por meio de um acordo de coopera\u00e7\u00e3o t\u00e9cnica viabilizado pela Secretaria de Servi\u00e7os, Seguran\u00e7a e Ordem P\u00fablica (SSOP).<\/p>\n\n\n\n<p>&#8220;_ A concep\u00e7\u00e3o da comunica\u00e7\u00e3o cr\u00edtica \u00e9 funcionar independentemente da situa\u00e7\u00e3o clim\u00e1tica e da quantidade de usu\u00e1rios. Muitas vezes voc\u00ea vai usar um celular num show ou no Maracan\u00e3 e n\u00e3o funciona, porque a repetidora do sinal daquela regi\u00e3o tem uma capacidade para um n\u00famero de celulares. A comunica\u00e7\u00e3o cr\u00edtica tem que se sustentar independente da quantidade de usu\u00e1rios daquela regi\u00e3o_&#8221;, explica o Superintendente de Comunica\u00e7\u00f5es Cr\u00edticas (CCrit), coronel Jos\u00e9 Ramos.<\/p>\n\n\n\n<p>Com a parceria, o munic\u00edpio far\u00e1 a manuten\u00e7\u00e3o da infraestrutura necess\u00e1ria para o funcionamento da rede de comunica\u00e7\u00e3o, como torres de transmiss\u00e3o e geradores de energia, tamb\u00e9m vai auxiliar na instala\u00e7\u00e3o de pelo menos mais duas antenas na cidade (hoje, s\u00e3o tr\u00eas). O coronel Jos\u00e9 Ramos acrescenta que, al\u00e9m dos \u00f3rg\u00e3os municipais, outros integrantes do Sirce tamb\u00e9m ser\u00e3o beneficiados com a inclus\u00e3o de Petr\u00f3polis nessa rede.<\/p>\n\n\n\n<p>&#8220;A gente ampliando essa rede, atrav\u00e9s do acordo de coopera\u00e7\u00e3o t\u00e9cnica que vai ser celebrado, o munic\u00edpio far\u00e1 a manuten\u00e7\u00e3o da infraestrutura e vai beneficiar n\u00e3o s\u00f3 as for\u00e7as de seguran\u00e7a municipal, o Batalh\u00e3o da Pol\u00edcia Militar e os Bombeiros daqui, mas vai integrar todo estado e ajudar tamb\u00e9m a PRF (Pol\u00edcia Rodovi\u00e1ria Federal), que tamb\u00e9m utiliza nossa rede, o sistema penitenci\u00e1rio, a Pol\u00edcia Civil, a Pol\u00edcia Militar. Ent\u00e3o o maior beneficiado disso tudo, sem d\u00favida nenhuma, \u00e9 a popula\u00e7\u00e3o de Petr\u00f3polis e as pessoas que transitam pela Serra&#8221;, afirma.<\/p>\n\n\n\n<p>Tamb\u00e9m participaram da cerim\u00f4nia os secret\u00e1rios de Servi\u00e7os, Seguran\u00e7a e Ordem P\u00fablica (SSOP), Marcelo Chit\u00e3o, e de Defesa Civil, Guilherme Moraes, al\u00e9m de representantes da Guarda Civil e do 15\u00ba Grupamento de Bombeiros Militares&nbsp;(GBM).<\/p>\n","protected":false},"excerpt":{"rendered":"<p>Com esse sistema, Petr\u00f3polis conseguir\u00e1 manter a comunica\u00e7\u00e3o em momentos cr\u00edticos, como dias de eventos<\/p>\n","protected":false},"author":2,"featured_media":103201,"comment_status":"open","ping_status":"open","sticky":false,"template":"","format":"standard","meta":{"footnotes":""},"categories":[12],"tags":[],"class_list":["post-103200","post","type-post","status-publish","format-standard","has-post-thumbnail","hentry","category-cidade"],"_links":{"self":[{"href":"https:\/\/tvc16.com\/portal\/wp-json\/wp\/v2\/posts\/103200","targetHints":{"allow":["GET"]}}],"collection":[{"href":"https:\/\/tvc16.com\/portal\/wp-json\/wp\/v2\/posts"}],"about":[{"href":"https:\/\/tvc16.com\/portal\/wp-json\/wp\/v2\/types\/post"}],"author":[{"embeddable":true,"href":"https:\/\/tvc16.com\/portal\/wp-json\/wp\/v2\/users\/2"}],"replies":[{"embeddable":true,"href":"https:\/\/tvc16.com\/portal\/wp-json\/wp\/v2\/comments?post=103200"}],"version-history":[{"count":2,"href":"https:\/\/tvc16.com\/portal\/wp-json\/wp\/v2\/posts\/103200\/revisions"}],"predecessor-version":[{"id":103228,"href":"https:\/\/tvc16.com\/portal\/wp-json\/wp\/v2\/posts\/103200\/revisions\/103228"}],"wp:featuredmedia":[{"embeddable":true,"href":"https:\/\/tvc16.com\/portal\/wp-json\/wp\/v2\/media\/103201"}],"wp:attachment":[{"href":"https:\/\/tvc16.com\/portal\/wp-json\/wp\/v2\/media?parent=103200"}],"wp:term":[{"taxonomy":"category","embeddable":true,"href":"https:\/\/tvc16.com\/portal\/wp-json\/wp\/v2\/categories?post=103200"},{"taxonomy":"post_tag","embeddable":true,"href":"https:\/\/tvc16.com\/portal\/wp-json\/wp\/v2\/tags?post=103200"}],"curies":[{"name":"wp","href":"https:\/\/api.w.org\/{rel}","templated":true}]}}