{"id":103203,"date":"2025-04-27T09:32:58","date_gmt":"2025-04-27T12:32:58","guid":{"rendered":"https:\/\/tvc16.com\/portal\/?p=103203"},"modified":"2025-04-27T09:32:59","modified_gmt":"2025-04-27T12:32:59","slug":"acao-da-defensoria-publica-vai-oferecer-orientacao-juridica-as-pessoas-em-situacao-de-rua-no-centro-pop","status":"publish","type":"post","link":"https:\/\/tvc16.com\/portal\/2025\/04\/27\/acao-da-defensoria-publica-vai-oferecer-orientacao-juridica-as-pessoas-em-situacao-de-rua-no-centro-pop\/","title":{"rendered":"A\u00e7\u00e3o da Defensoria P\u00fablica vai oferecer orienta\u00e7\u00e3o jur\u00eddica \u00e0s pessoas em situa\u00e7\u00e3o de rua no Centro Pop"},"content":{"rendered":"\n<p>A Defensoria P\u00fablica vai promover uma a\u00e7\u00e3o social destinada a oferecer orienta\u00e7\u00e3o jur\u00eddica \u00e0s pessoas em situa\u00e7\u00e3o de rua. O trabalho vai acontecer no dia 26, de 09h \u00e0s 13h, no Centro Pop (Rua Alberto T\u00f4rres, 148 \u2013 Centro), e tem o apoio do Detran.RJ.<\/p>\n\n\n\n<p>&#8220;Essa a\u00e7\u00e3o \u00e9 extremamente importante para ampliar as a\u00e7\u00f5es de cuidado com as pessoas que passam por condi\u00e7\u00f5es de vulnerabilidade social na nossa cidade e tamb\u00e9m pela parceria fundamental entre o munic\u00edpio e a Defensoria P\u00fablica&#8221;, diz o prefeito Hingo Hammes.<\/p>\n\n\n\n<p>Nessa a\u00e7\u00e3o, ser\u00e1 poss\u00edvel buscar informa\u00e7\u00f5es sobre os procedimentos jur\u00eddicos sobre alimenta\u00e7\u00e3o; guarda, tutela e regulamenta\u00e7\u00e3o de visitas; interdi\u00e7\u00e3o; div\u00f3rcio consensual e litigioso; reconhecimento e dissolu\u00e7\u00e3o de uni\u00e3o est\u00e1vel; registro tardio, retifica\u00e7\u00e3o de registro civil de nascimento e casamento; demandas de baixa complexidade de Direitos do Consumidor.<\/p>\n\n\n\n<p>&#8220;Essas pessoas, na maioria das vezes, j\u00e1 s\u00e3o violadas em diversos direitos e s\u00e3o obrigados a viver condi\u00e7\u00f5es de ainda mais vulnerabilidade, como a falta de v\u00ednculos familiares e situa\u00e7\u00e3o de pobreza extrema. N\u00f3s procuramos atender essas pessoas de forma a reduzir essas vulnerabilidades, e \u00e9 preciso ter cada vez mais aten\u00e7\u00e3o \u00e0s necessidades deles. \u00c9 nesse sentido que essa a\u00e7\u00e3o vai acontecer&#8221;, destaca a secret\u00e1ria de Assist\u00eancia Social, Adriana Kreischer.<\/p>\n\n\n\n<p>As abordagens para oferecer acolhimento \u00e0s pessoas situa\u00e7\u00e3o de rua acontecem de forma ininterrupta. Quando a pessoa aceita acolhimento, ela \u00e9 encaminhada para o Centro Pop, onde passa por um atendimento psicossocial por um psic\u00f3logo ou assistente social, que vai tentar entender necessidades imediatas e buscar uma resolu\u00e7\u00e3o, como conseguir documentos civis ou encaminhamento para assist\u00eancia m\u00e9dica, assist\u00eancia social, embarque para cidades de origem ou com que tenham v\u00ednculo, equipamento do sistema de garantia de direitos, etc.<\/p>\n\n\n\n<p>O local tamb\u00e9m permite que a pessoa em situa\u00e7\u00e3o de rua possa se alimentar, guardar seus pertences, pegar roupas, de acordo com a disponibilidade, guardar seus documentos e tomar banho. Em caso de necessidade de acolhimento por tempo mais longo, a pessoa \u00e9 encaminhada para o N\u00facleo de Integra\u00e7\u00e3o Social (NIS), onde \u00e9 poss\u00edvel pernoitar.<\/p>\n\n\n\n<p>Neste ano, o espa\u00e7o passou por melhorias como um anexo para o refeit\u00f3rio, pintura da parte interna do im\u00f3vel e reparos nos banheiros.<\/p>\n\n\n\n<p>&#8220;O evento concilia a imprescind\u00edvel inclus\u00e3o social dos mun\u00edcipes desprovidos de moradia, notadamente o direito fundamental de exist\u00eancia com a lavratura dos documentos de identifica\u00e7\u00e3o, com a reinaugura\u00e7\u00e3o do Centro Pop, ap\u00f3s obras de extrema necessidade. Importante salientar a atua\u00e7\u00e3o conjunta DP RJ com a Assist\u00eancia Social do munic\u00edpio&#8221;, ressalta o defensor p\u00fablico,&nbsp;Marc\u00edlio&nbsp;Brito.<\/p>\n","protected":false},"excerpt":{"rendered":"<p>A Defensoria P\u00fablica vai promover uma a\u00e7\u00e3o social destinada a oferecer orienta\u00e7\u00e3o jur\u00eddica \u00e0s pessoas<\/p>\n","protected":false},"author":2,"featured_media":63119,"comment_status":"open","ping_status":"open","sticky":false,"template":"","format":"standard","meta":{"footnotes":""},"categories":[12],"tags":[],"class_list":["post-103203","post","type-post","status-publish","format-standard","has-post-thumbnail","hentry","category-cidade"],"_links":{"self":[{"href":"https:\/\/tvc16.com\/portal\/wp-json\/wp\/v2\/posts\/103203","targetHints":{"allow":["GET"]}}],"collection":[{"href":"https:\/\/tvc16.com\/portal\/wp-json\/wp\/v2\/posts"}],"about":[{"href":"https:\/\/tvc16.com\/portal\/wp-json\/wp\/v2\/types\/post"}],"author":[{"embeddable":true,"href":"https:\/\/tvc16.com\/portal\/wp-json\/wp\/v2\/users\/2"}],"replies":[{"embeddable":true,"href":"https:\/\/tvc16.com\/portal\/wp-json\/wp\/v2\/comments?post=103203"}],"version-history":[{"count":1,"href":"https:\/\/tvc16.com\/portal\/wp-json\/wp\/v2\/posts\/103203\/revisions"}],"predecessor-version":[{"id":103204,"href":"https:\/\/tvc16.com\/portal\/wp-json\/wp\/v2\/posts\/103203\/revisions\/103204"}],"wp:featuredmedia":[{"embeddable":true,"href":"https:\/\/tvc16.com\/portal\/wp-json\/wp\/v2\/media\/63119"}],"wp:attachment":[{"href":"https:\/\/tvc16.com\/portal\/wp-json\/wp\/v2\/media?parent=103203"}],"wp:term":[{"taxonomy":"category","embeddable":true,"href":"https:\/\/tvc16.com\/portal\/wp-json\/wp\/v2\/categories?post=103203"},{"taxonomy":"post_tag","embeddable":true,"href":"https:\/\/tvc16.com\/portal\/wp-json\/wp\/v2\/tags?post=103203"}],"curies":[{"name":"wp","href":"https:\/\/api.w.org\/{rel}","templated":true}]}}